{"id":5780,"date":"2024-02-11T06:34:00","date_gmt":"2024-02-11T05:34:00","guid":{"rendered":"https:\/\/www.verlag-doppelpunkt.at\/flachgauTV\/?p=5780"},"modified":"2024-02-14T15:45:54","modified_gmt":"2024-02-14T14:45:54","slug":"von-kranken-schwestern-bis-zu-koenig-josefus","status":"publish","type":"post","link":"https:\/\/www.verlag-doppelpunkt.at\/flachgauTV\/von-kranken-schwestern-bis-zu-koenig-josefus\/","title":{"rendered":"Von kranken Schwestern bis zu K\u00f6nig Josefus"},"content":{"rendered":"\n<p>Was haben die kranken Schwestern aus\nder Schwarzwaldklinik, K\u00f6nig Josefus und die Ritter von der\nSchwafelrunde und 200 Jahre Mondseer Jedermann gemeinsam? Sie alle\nwaren Teil des k\u00f6stlichen Programms der bunten Abende am\nFaschingswochenende.<\/p>\n\n\n\n<p>Alle zwei Jahre ist der bunte Abend der\nFaschingsh\u00f6hepunkt im Mondseeland. Und weil den viel mehr Leute\nsehen wollen, als im Schlosssaal Platz haben, steigen die Narren\ngleich drei Mal auf die B\u00fchne um das Publikum zu unterhalten. Und\ndas ist den acht Gruppen am vergangenen Faschingswochenende wirklich\ngelungen. Sie zeigten k\u00f6stlichen Klamauk und nahmen dabei das\nGeschehen in Mondsee und die aktuellen Themen geh\u00f6rig auf die\nSchaufel. So spannte sich der Bogen von der k\u00fcnstlichen Intelligenz\nbis in den Operationssaal der Schwarzwaldklinik. \n<\/p>\n\n\n\n<p>Mitwirklende waren: die Bunte Truppe, die Junge B\u00fchne Mondsee, die kranken Schwestern, R2 und D2, die B\u00fcrgermusik Mondsee, die Union Tiefgraben, Der S\u00e4ngerbund und die Mitglieder des LBVK Stammtisches.<\/p>\n\n\n\n<p><a href=\"https:\/\/www.verlag-doppelpunkt.at\/bilderserien\/von-kranken-schwestern-bis-koenig-josefus\/\">Hier geht\u00b4s zur Bilderserie>>><\/a><\/p>\n","protected":false},"excerpt":{"rendered":"<p>Was haben die kranken Schwestern aus der Schwarzwaldklinik, K\u00f6nig Josefus und die Ritter von der Schwafelrunde und 200 Jahre Mondseer Jedermann gemeinsam? Sie alle waren Teil des k\u00f6stlichen Programms der [&hellip;]<\/p>\n","protected":false},"author":5,"featured_media":5781,"comment_status":"open","ping_status":"open","sticky":false,"template":"","format":"standard","meta":{"jetpack_post_was_ever_published":false,"_jetpack_newsletter_access":"","_jetpack_dont_email_post_to_subs":false,"_jetpack_newsletter_tier_id":0,"_jetpack_memberships_contains_paywalled_content":false,"_jetpack_memberships_contains_paid_content":false,"footnotes":"","jetpack_publicize_message":"","jetpack_publicize_feature_enabled":true,"jetpack_social_post_already_shared":true,"jetpack_social_options":{"image_generator_settings":{"template":"highway","enabled":false}},"_links_to":"","_links_to_target":""},"categories":[1],"tags":[],"jetpack_publicize_connections":[],"jetpack_featured_media_url":"https:\/\/www.verlag-doppelpunkt.at\/flachgauTV\/wp-content\/uploads\/2024\/02\/Titel2.jpg","jetpack_sharing_enabled":true,"jetpack_shortlink":"https:\/\/wp.me\/paDzeQ-1ve","_links":{"self":[{"href":"https:\/\/www.verlag-doppelpunkt.at\/flachgauTV\/wp-json\/wp\/v2\/posts\/5780"}],"collection":[{"href":"https:\/\/www.verlag-doppelpunkt.at\/flachgauTV\/wp-json\/wp\/v2\/posts"}],"about":[{"href":"https:\/\/www.verlag-doppelpunkt.at\/flachgauTV\/wp-json\/wp\/v2\/types\/post"}],"author":[{"embeddable":true,"href":"https:\/\/www.verlag-doppelpunkt.at\/flachgauTV\/wp-json\/wp\/v2\/users\/5"}],"replies":[{"embeddable":true,"href":"https:\/\/www.verlag-doppelpunkt.at\/flachgauTV\/wp-json\/wp\/v2\/comments?post=5780"}],"version-history":[{"count":4,"href":"https:\/\/www.verlag-doppelpunkt.at\/flachgauTV\/wp-json\/wp\/v2\/posts\/5780\/revisions"}],"predecessor-version":[{"id":5827,"href":"https:\/\/www.verlag-doppelpunkt.at\/flachgauTV\/wp-json\/wp\/v2\/posts\/5780\/revisions\/5827"}],"wp:featuredmedia":[{"embeddable":true,"href":"https:\/\/www.verlag-doppelpunkt.at\/flachgauTV\/wp-json\/wp\/v2\/media\/5781"}],"wp:attachment":[{"href":"https:\/\/www.verlag-doppelpunkt.at\/flachgauTV\/wp-json\/wp\/v2\/media?parent=5780"}],"wp:term":[{"taxonomy":"category","embeddable":true,"href":"https:\/\/www.verlag-doppelpunkt.at\/flachgauTV\/wp-json\/wp\/v2\/categories?post=5780"},{"taxonomy":"post_tag","embeddable":true,"href":"https:\/\/www.verlag-doppelpunkt.at\/flachgauTV\/wp-json\/wp\/v2\/tags?post=5780"}],"curies":[{"name":"wp","href":"https:\/\/api.w.org\/{rel}","templated":true}]}}