{"id":5790,"date":"2024-02-10T09:34:00","date_gmt":"2024-02-10T08:34:00","guid":{"rendered":"https:\/\/www.verlag-doppelpunkt.at\/flachgauTV\/?p=5790"},"modified":"2024-02-11T09:37:10","modified_gmt":"2024-02-11T08:37:10","slug":"5790-2","status":"publish","type":"post","link":"https:\/\/www.verlag-doppelpunkt.at\/flachgauTV\/5790-2\/","title":{"rendered":"B\u00fchnenfasching der \u201eschwarzen Hand\u201c in St. Gilgen"},"content":{"rendered":"\n<p>Beim B\u00fchnenfasching in St. Gilgen herrscht einmal im Jahr Narrenfreiheit auf den Stra\u00dfen und Pl\u00e4tzen des Ortes. Der Umzug der Gilde \u201eSchwarze Hand\u201c z\u00e4hlt zu den humorigen Highlights der Faschingszeit im Salzkammergut.  <\/p>\n\n\n\n<p><a href=\"https:\/\/www.verlag-doppelpunkt.at\/bilderserien\/buehnenfasching-der-schwarzen-hand-in-st-gilgen\/\">Hier geht\u00b4s zur Bilderserie>>><\/a><\/p>\n","protected":false},"excerpt":{"rendered":"<p>Beim B\u00fchnenfasching in St. Gilgen herrscht einmal im Jahr Narrenfreiheit auf den Stra\u00dfen und Pl\u00e4tzen des Ortes. Der Umzug der Gilde \u201eSchwarze Hand\u201c z\u00e4hlt zu den humorigen Highlights der Faschingszeit [&hellip;]<\/p>\n","protected":false},"author":5,"featured_media":5793,"comment_status":"open","ping_status":"open","sticky":false,"template":"","format":"standard","meta":{"jetpack_post_was_ever_published":false,"_jetpack_newsletter_access":"","_jetpack_dont_email_post_to_subs":false,"_jetpack_newsletter_tier_id":0,"_jetpack_memberships_contains_paywalled_content":false,"_jetpack_memberships_contains_paid_content":false,"footnotes":"","jetpack_publicize_message":"","jetpack_publicize_feature_enabled":true,"jetpack_social_post_already_shared":true,"jetpack_social_options":{"image_generator_settings":{"template":"highway","enabled":false}},"_links_to":"","_links_to_target":""},"categories":[1],"tags":[],"jetpack_publicize_connections":[],"jetpack_featured_media_url":"https:\/\/www.verlag-doppelpunkt.at\/flachgauTV\/wp-content\/uploads\/2024\/02\/Titel1.jpg","jetpack_sharing_enabled":true,"jetpack_shortlink":"https:\/\/wp.me\/paDzeQ-1vo","_links":{"self":[{"href":"https:\/\/www.verlag-doppelpunkt.at\/flachgauTV\/wp-json\/wp\/v2\/posts\/5790"}],"collection":[{"href":"https:\/\/www.verlag-doppelpunkt.at\/flachgauTV\/wp-json\/wp\/v2\/posts"}],"about":[{"href":"https:\/\/www.verlag-doppelpunkt.at\/flachgauTV\/wp-json\/wp\/v2\/types\/post"}],"author":[{"embeddable":true,"href":"https:\/\/www.verlag-doppelpunkt.at\/flachgauTV\/wp-json\/wp\/v2\/users\/5"}],"replies":[{"embeddable":true,"href":"https:\/\/www.verlag-doppelpunkt.at\/flachgauTV\/wp-json\/wp\/v2\/comments?post=5790"}],"version-history":[{"count":2,"href":"https:\/\/www.verlag-doppelpunkt.at\/flachgauTV\/wp-json\/wp\/v2\/posts\/5790\/revisions"}],"predecessor-version":[{"id":5794,"href":"https:\/\/www.verlag-doppelpunkt.at\/flachgauTV\/wp-json\/wp\/v2\/posts\/5790\/revisions\/5794"}],"wp:featuredmedia":[{"embeddable":true,"href":"https:\/\/www.verlag-doppelpunkt.at\/flachgauTV\/wp-json\/wp\/v2\/media\/5793"}],"wp:attachment":[{"href":"https:\/\/www.verlag-doppelpunkt.at\/flachgauTV\/wp-json\/wp\/v2\/media?parent=5790"}],"wp:term":[{"taxonomy":"category","embeddable":true,"href":"https:\/\/www.verlag-doppelpunkt.at\/flachgauTV\/wp-json\/wp\/v2\/categories?post=5790"},{"taxonomy":"post_tag","embeddable":true,"href":"https:\/\/www.verlag-doppelpunkt.at\/flachgauTV\/wp-json\/wp\/v2\/tags?post=5790"}],"curies":[{"name":"wp","href":"https:\/\/api.w.org\/{rel}","templated":true}]}}