{"id":5833,"date":"2024-02-17T05:47:00","date_gmt":"2024-02-17T04:47:00","guid":{"rendered":"https:\/\/www.verlag-doppelpunkt.at\/flachgauTV\/?p=5833"},"modified":"2024-02-16T10:07:58","modified_gmt":"2024-02-16T09:07:58","slug":"was-tun-gegen-parkplatzmisere-am-neumarkter-bahnhof","status":"publish","type":"post","link":"https:\/\/www.verlag-doppelpunkt.at\/flachgauTV\/was-tun-gegen-parkplatzmisere-am-neumarkter-bahnhof\/","title":{"rendered":"Was tun gegen Parkplatzmisere am Neumarkter Bahnhof?"},"content":{"rendered":"\n<p>Beim Neumarkter Bahnhof m\u00fcssen mehr\nParkpl\u00e4tze f\u00fcr Pendler geschaffen werden. Die 450 Stellpl\u00e4tze sind\ninzwischen zu wenig. Geplant ist der Ausbau auf 750 Parkpl\u00e4tze. Und\ndas so bald wie m\u00f6glich. Da sind sich B\u00fcrgermeister Adi Rieger und\nVerkehrslandesrat Stefan Schn\u00f6ll einig.<\/p>\n\n\n\n<p>Beide Politiker trafen sich k\u00fcrzlich zu einem Lokalaugenschein beim Park &amp; Ride-Parkplatz am Neumarkter Bahnhof (Bild oben). Dabei betonte B\u00fcrgermeister Adi Rieger: \u201eWir arbeiten alle gemeinsam intensiv an der Weiterentwicklung des Nahverkehrsangebots in Neumarkt, der Ausbau der P&amp;R-Anlage ist ein wichtiger Teil des Konzepts. Zudem wird aber auch eine bessere Taktung im Schienenverkehr angestrebt. Die Busverbindungen m\u00fcssen ebenfalls erweitert werden, um die Zubringer zum Knoten Neumarkt zu verbessern.\u201d Weitere Ideen umfassen die Etablierung von Bike-and-Ride, Car-Sharing, Bike-Sharing und einiges mehr. Auch die Forderung nach t\u00e4glichen Halten der Westbahn am Bahnhof Neumarkt wird nochmals betont.<br>Eine vom Land Salzburg beauftragte Potenzialanalyse zeigt die Attraktivit\u00e4t des Bahnhofs Neumarkt am Wallersee als regionale Verkehrsdrehscheibe. Ein Gesamtkonzept aus unterschiedlichen Ma\u00dfnahmen soll einen m\u00f6glichst fr\u00fchen Einstieg in den \u00f6ffentlichen Verkehr f\u00f6rdern und lange PKW-Fahrten vermeiden. Als erster Schritt wird bis Herbst ein schrankenloses Zufahrtssystem zur Kontrolle der widmungskonformen Nutzung errichtet. Dieses stellt sicher, dass die P&amp;R-Anlage ausschlie\u00dflich den Nutzern des \u00f6ffentlichen Verkehrs zur Verf\u00fcgung steht. Parallel dazu wird eine Machbarkeitsstudie bis Ende 2024 die M\u00f6glichkeiten zur langfristigen Weiterentwicklung der P&amp;R-Anlage aufzeigen. Die Errichtung eines Parkhauses wird angedacht und gepr\u00fcft.<\/p>\n","protected":false},"excerpt":{"rendered":"<p>Beim Neumarkter Bahnhof m\u00fcssen mehr Parkpl\u00e4tze f\u00fcr Pendler geschaffen werden. Die 450 Stellpl\u00e4tze sind inzwischen zu wenig. Geplant ist der Ausbau auf 750 Parkpl\u00e4tze. Und das so bald wie m\u00f6glich. [&hellip;]<\/p>\n","protected":false},"author":5,"featured_media":5835,"comment_status":"open","ping_status":"open","sticky":false,"template":"","format":"standard","meta":{"jetpack_post_was_ever_published":false,"_jetpack_newsletter_access":"","_jetpack_dont_email_post_to_subs":false,"_jetpack_newsletter_tier_id":0,"_jetpack_memberships_contains_paywalled_content":false,"_jetpack_memberships_contains_paid_content":false,"footnotes":"","jetpack_publicize_message":"","jetpack_publicize_feature_enabled":true,"jetpack_social_post_already_shared":true,"jetpack_social_options":{"image_generator_settings":{"template":"highway","enabled":false}},"_links_to":"","_links_to_target":""},"categories":[1],"tags":[],"jetpack_publicize_connections":[],"jetpack_featured_media_url":"https:\/\/www.verlag-doppelpunkt.at\/flachgauTV\/wp-content\/uploads\/2024\/02\/Schnoell-und-Rueger.jpg","jetpack_sharing_enabled":true,"jetpack_shortlink":"https:\/\/wp.me\/paDzeQ-1w5","_links":{"self":[{"href":"https:\/\/www.verlag-doppelpunkt.at\/flachgauTV\/wp-json\/wp\/v2\/posts\/5833"}],"collection":[{"href":"https:\/\/www.verlag-doppelpunkt.at\/flachgauTV\/wp-json\/wp\/v2\/posts"}],"about":[{"href":"https:\/\/www.verlag-doppelpunkt.at\/flachgauTV\/wp-json\/wp\/v2\/types\/post"}],"author":[{"embeddable":true,"href":"https:\/\/www.verlag-doppelpunkt.at\/flachgauTV\/wp-json\/wp\/v2\/users\/5"}],"replies":[{"embeddable":true,"href":"https:\/\/www.verlag-doppelpunkt.at\/flachgauTV\/wp-json\/wp\/v2\/comments?post=5833"}],"version-history":[{"count":1,"href":"https:\/\/www.verlag-doppelpunkt.at\/flachgauTV\/wp-json\/wp\/v2\/posts\/5833\/revisions"}],"predecessor-version":[{"id":5836,"href":"https:\/\/www.verlag-doppelpunkt.at\/flachgauTV\/wp-json\/wp\/v2\/posts\/5833\/revisions\/5836"}],"wp:featuredmedia":[{"embeddable":true,"href":"https:\/\/www.verlag-doppelpunkt.at\/flachgauTV\/wp-json\/wp\/v2\/media\/5835"}],"wp:attachment":[{"href":"https:\/\/www.verlag-doppelpunkt.at\/flachgauTV\/wp-json\/wp\/v2\/media?parent=5833"}],"wp:term":[{"taxonomy":"category","embeddable":true,"href":"https:\/\/www.verlag-doppelpunkt.at\/flachgauTV\/wp-json\/wp\/v2\/categories?post=5833"},{"taxonomy":"post_tag","embeddable":true,"href":"https:\/\/www.verlag-doppelpunkt.at\/flachgauTV\/wp-json\/wp\/v2\/tags?post=5833"}],"curies":[{"name":"wp","href":"https:\/\/api.w.org\/{rel}","templated":true}]}}