{"id":5839,"date":"2024-02-19T13:04:50","date_gmt":"2024-02-19T12:04:50","guid":{"rendered":"https:\/\/www.verlag-doppelpunkt.at\/flachgauTV\/?p=5839"},"modified":"2024-02-26T13:27:15","modified_gmt":"2024-02-26T12:27:15","slug":"jelka-aus-dem-leben-einer-kaerntner-partisanin","status":"publish","type":"post","link":"https:\/\/www.verlag-doppelpunkt.at\/flachgauTV\/jelka-aus-dem-leben-einer-kaerntner-partisanin\/","title":{"rendered":"Jelka Aus dem Leben einer K\u00e4rntner Partisanin"},"content":{"rendered":"<p>PODCAST. W\u00e4hrend ihr Mann zum Kriegsdienst verpflichtet wurde, schloss sich die vierfache Mutter Helena (Jelka) Kuchar den K\u00e4rntner Partisanen an und erlebte am eigenen Leib den Terror der Gestapo. Nach dem Zweiten Weltkrieg engagierte sie sich bis ins hohe Alter f\u00fcr die slowenische Frauenbewegung. Ihre Zeit als Partisanin hat sie in diesem Buch festgehalten.\u00a0\u00a0 -20. 2. 2024-<\/p>\n<p>Ein PODCAST von Rupert LENZENWEGER<\/p>\n<p><a href=\"https:\/\/www.amazon.de\/gp\/search?ie=UTF8&amp;tag=doppelpunkt-21&amp;linkCode=ur2&amp;linkId=31bbac923688019b3df8e4f5524ad734&amp;camp=1638&amp;creative=6742&amp;index=books&amp;keywords=Jelka aus dem leben einer partisanin\" target=\"_blank\" rel=\"noopener noreferrer\">Buch hier kaufen<\/a><\/p>\n\n\n<figure class=\"wp-block-audio\"><audio controls src=\"https:\/\/www.verlag-doppelpunkt.at\/flachgauTV\/wp-content\/uploads\/2024\/02\/Partisanin.mp3\"><\/audio><figcaption> \u201eJelka Aus dem Leben einer K\u00e4rntner Partisanin\u201c, nach Tonbandaufzeichungen der S\u00fcdk\u00e4rtner Slowenin Helena Kuchar niedergeschrieben von Thomas Busch und Brigitte Windhab. Erschienen im Wieser-Verlag im Rahmen der \u201eSlowenischen Bibliothek\u201c. 111 Seiten mit einer ausf\u00fchrlichen Zeittafel. ISBN 978-9-99029-622-6, \u20ac 21,- bei Amazon. <\/figcaption><\/figure>\n","protected":false},"excerpt":{"rendered":"<p>PODCAST. W\u00e4hrend ihr Mann zum Kriegsdienst verpflichtet wurde, schloss sich die vierfache Mutter Helena (Jelka) Kuchar den K\u00e4rntner Partisanen an und erlebte am eigenen Leib den Terror der Gestapo. Nach [&hellip;]<\/p>\n","protected":false},"author":5,"featured_media":5851,"comment_status":"open","ping_status":"open","sticky":false,"template":"","format":"standard","meta":{"jetpack_post_was_ever_published":false,"_jetpack_newsletter_access":"","_jetpack_dont_email_post_to_subs":false,"_jetpack_newsletter_tier_id":0,"_jetpack_memberships_contains_paywalled_content":false,"_jetpack_memberships_contains_paid_content":false,"footnotes":"","jetpack_publicize_message":"","jetpack_publicize_feature_enabled":true,"jetpack_social_post_already_shared":true,"jetpack_social_options":{"image_generator_settings":{"template":"highway","enabled":false}},"_links_to":"","_links_to_target":""},"categories":[51],"tags":[],"jetpack_publicize_connections":[],"jetpack_featured_media_url":"https:\/\/www.verlag-doppelpunkt.at\/flachgauTV\/wp-content\/uploads\/2024\/02\/Lesezeichen1.jpg","jetpack_sharing_enabled":true,"jetpack_shortlink":"https:\/\/wp.me\/paDzeQ-1wb","_links":{"self":[{"href":"https:\/\/www.verlag-doppelpunkt.at\/flachgauTV\/wp-json\/wp\/v2\/posts\/5839"}],"collection":[{"href":"https:\/\/www.verlag-doppelpunkt.at\/flachgauTV\/wp-json\/wp\/v2\/posts"}],"about":[{"href":"https:\/\/www.verlag-doppelpunkt.at\/flachgauTV\/wp-json\/wp\/v2\/types\/post"}],"author":[{"embeddable":true,"href":"https:\/\/www.verlag-doppelpunkt.at\/flachgauTV\/wp-json\/wp\/v2\/users\/5"}],"replies":[{"embeddable":true,"href":"https:\/\/www.verlag-doppelpunkt.at\/flachgauTV\/wp-json\/wp\/v2\/comments?post=5839"}],"version-history":[{"count":9,"href":"https:\/\/www.verlag-doppelpunkt.at\/flachgauTV\/wp-json\/wp\/v2\/posts\/5839\/revisions"}],"predecessor-version":[{"id":5855,"href":"https:\/\/www.verlag-doppelpunkt.at\/flachgauTV\/wp-json\/wp\/v2\/posts\/5839\/revisions\/5855"}],"wp:featuredmedia":[{"embeddable":true,"href":"https:\/\/www.verlag-doppelpunkt.at\/flachgauTV\/wp-json\/wp\/v2\/media\/5851"}],"wp:attachment":[{"href":"https:\/\/www.verlag-doppelpunkt.at\/flachgauTV\/wp-json\/wp\/v2\/media?parent=5839"}],"wp:term":[{"taxonomy":"category","embeddable":true,"href":"https:\/\/www.verlag-doppelpunkt.at\/flachgauTV\/wp-json\/wp\/v2\/categories?post=5839"},{"taxonomy":"post_tag","embeddable":true,"href":"https:\/\/www.verlag-doppelpunkt.at\/flachgauTV\/wp-json\/wp\/v2\/tags?post=5839"}],"curies":[{"name":"wp","href":"https:\/\/api.w.org\/{rel}","templated":true}]}}