{"id":5856,"date":"2024-02-21T13:41:00","date_gmt":"2024-02-21T12:41:00","guid":{"rendered":"https:\/\/www.verlag-doppelpunkt.at\/flachgauTV\/?p=5856"},"modified":"2024-02-21T08:46:11","modified_gmt":"2024-02-21T07:46:11","slug":"hak-has-schueler-spendeten-1-838-euro-fuer-roman","status":"publish","type":"post","link":"https:\/\/www.verlag-doppelpunkt.at\/flachgauTV\/hak-has-schueler-spendeten-1-838-euro-fuer-roman\/","title":{"rendered":"HAK.HAS-Sch\u00fcler spendeten 1.838 Euro f\u00fcr Roman"},"content":{"rendered":"\n<p>Mitte Februar wurde Roman Aichinger an\ndie HAK.HAS Neumarkt eingeladen um ihm pers\u00f6nlich eine Spende von\n1.838 Euro aus dem Erl\u00f6s des Weihnachtsbuffets zu \u00fcberreichen.\nRoman soll erstmals nach mehreren langen Krankenhausaufenthalten ein\npaar Tage Urlaub machen. Er war vor f\u00fcnf Jahren ebenfalls noch\nSch\u00fcler der HAK Neumarkt, studierte danach Wirtschaftsinformatik und\nist durch einen tragischen Motorradunfall auf den Rollstuhl\nangewiesen. \n<\/p>\n\n\n\n<p>Jedes Jahr veranstalten die\nSch\u00fclerinnen und Sch\u00fcler des KUF\u00d6 (Kulturf\u00f6rderungsverein der\nHAK.HAS Neumarkt) unter der Leitung ihrer Professorinnen Sonja\nSchnabl, Elisabeth Fritz und Michaela Sator mehrere Spendenaktionen.\n\u201eGemeinsam gl\u00fccklich\u201c, lautet das Motto. Sozial engagierte\nSch\u00fclerInnen k\u00f6nnen an der HAK.HAS Neumarkt dem\nKulturf\u00f6rderungsverein freiwillig beitreten und erfahren dadurch,\nwie Sozialprojekte organisiert und durchgef\u00fchrt werden. In diesem\nSchuljahr sind es 65 junge Menschen, die gemeinsam mit ihren\nProfessorinnen in ihrer Freizeit f\u00fcr andere da sind und ihr soziales\nEngagement unter Beweis stellen.    Bild Mag. Karl Hackl  -21. 2.\n2024-<\/p>\n","protected":false},"excerpt":{"rendered":"<p>Mitte Februar wurde Roman Aichinger an die HAK.HAS Neumarkt eingeladen um ihm pers\u00f6nlich eine Spende von 1.838 Euro aus dem Erl\u00f6s des Weihnachtsbuffets zu \u00fcberreichen. Roman soll erstmals nach mehreren [&hellip;]<\/p>\n","protected":false},"author":5,"featured_media":5857,"comment_status":"open","ping_status":"open","sticky":false,"template":"","format":"standard","meta":{"jetpack_post_was_ever_published":false,"_jetpack_newsletter_access":"","_jetpack_dont_email_post_to_subs":false,"_jetpack_newsletter_tier_id":0,"_jetpack_memberships_contains_paywalled_content":false,"_jetpack_memberships_contains_paid_content":false,"footnotes":"","jetpack_publicize_message":"","jetpack_publicize_feature_enabled":true,"jetpack_social_post_already_shared":true,"jetpack_social_options":{"image_generator_settings":{"template":"highway","enabled":false}},"_links_to":"","_links_to_target":""},"categories":[1],"tags":[],"jetpack_publicize_connections":[],"jetpack_featured_media_url":"https:\/\/www.verlag-doppelpunkt.at\/flachgauTV\/wp-content\/uploads\/2024\/02\/HAK-Neumarkt.Spenden\u00fcbergabe.1..jpg","jetpack_sharing_enabled":true,"jetpack_shortlink":"https:\/\/wp.me\/paDzeQ-1ws","_links":{"self":[{"href":"https:\/\/www.verlag-doppelpunkt.at\/flachgauTV\/wp-json\/wp\/v2\/posts\/5856"}],"collection":[{"href":"https:\/\/www.verlag-doppelpunkt.at\/flachgauTV\/wp-json\/wp\/v2\/posts"}],"about":[{"href":"https:\/\/www.verlag-doppelpunkt.at\/flachgauTV\/wp-json\/wp\/v2\/types\/post"}],"author":[{"embeddable":true,"href":"https:\/\/www.verlag-doppelpunkt.at\/flachgauTV\/wp-json\/wp\/v2\/users\/5"}],"replies":[{"embeddable":true,"href":"https:\/\/www.verlag-doppelpunkt.at\/flachgauTV\/wp-json\/wp\/v2\/comments?post=5856"}],"version-history":[{"count":1,"href":"https:\/\/www.verlag-doppelpunkt.at\/flachgauTV\/wp-json\/wp\/v2\/posts\/5856\/revisions"}],"predecessor-version":[{"id":5858,"href":"https:\/\/www.verlag-doppelpunkt.at\/flachgauTV\/wp-json\/wp\/v2\/posts\/5856\/revisions\/5858"}],"wp:featuredmedia":[{"embeddable":true,"href":"https:\/\/www.verlag-doppelpunkt.at\/flachgauTV\/wp-json\/wp\/v2\/media\/5857"}],"wp:attachment":[{"href":"https:\/\/www.verlag-doppelpunkt.at\/flachgauTV\/wp-json\/wp\/v2\/media?parent=5856"}],"wp:term":[{"taxonomy":"category","embeddable":true,"href":"https:\/\/www.verlag-doppelpunkt.at\/flachgauTV\/wp-json\/wp\/v2\/categories?post=5856"},{"taxonomy":"post_tag","embeddable":true,"href":"https:\/\/www.verlag-doppelpunkt.at\/flachgauTV\/wp-json\/wp\/v2\/tags?post=5856"}],"curies":[{"name":"wp","href":"https:\/\/api.w.org\/{rel}","templated":true}]}}