{"id":5872,"date":"2024-03-27T09:03:00","date_gmt":"2024-03-27T08:03:00","guid":{"rendered":"https:\/\/www.verlag-doppelpunkt.at\/flachgauTV\/?p=5872"},"modified":"2024-03-27T09:59:27","modified_gmt":"2024-03-27T08:59:27","slug":"gemeinsames-dach-fuer-neumarkter-vereine","status":"publish","type":"post","link":"https:\/\/www.verlag-doppelpunkt.at\/flachgauTV\/gemeinsames-dach-fuer-neumarkter-vereine\/","title":{"rendered":"Gemeinsames Dach f\u00fcr Neumarkter Vereine"},"content":{"rendered":"\n<p>Seit Ende Februar haben mehrere Vereine in Neumarkt ein neues Dach. Im Zentrum der Stadt wurden die 2022 gestarteten Arbeiten am Haus der Vereine nun fertiggestellt. Das Land Salzburg unterst\u00fctzte mit 850.000 Euro.<\/p>\n\n\n\n<p>Insgesamt wurden f\u00fcnf Millionen Euro in das \u201eHaus der Vereine\u201c investiert, das der Trachtenmusikkapelle Neumarkt, dem Heimatverein Edelwei\u00df, dem Kameradschaftsbund, der Liedertafel und der Landjugend auf 1.000 Quadratmetern Nutzfl\u00e4che neue M\u00f6glichkeiten bietet. Zus\u00e4tzlich gibt es Unterrichtsr\u00e4ume f\u00fcr das Musikum sowie Lagerfl\u00e4chen f\u00fcr die B\u00fcrgergarde, den Lions Club und die Neumarkter Krampusse.<\/p>\n\n\n\n<p>Der Neumarkter B\u00fcrgermeister Adi Rieger sieht im neuen Geb\u00e4ude einen enormen Mehrwert: \u201eEs ist uns in Neumarkt gelungen, ein modernes gemeinsames Dach f\u00fcr rund 500 Mitglieder mehrerer \u00f6rtlicher Vereine zu schaffen, die bisher an verschiedenen Orten unserer Gemeinde zusammentrafen. Das Haus der Vereine ist zentrumsnah und bietet zeitgem\u00e4\u00dfe neue R\u00e4umlichkeiten. Unsere Vereine sind in gewisser Weise das Herz des Gemeinschaftslebens in Neumarkt, das somit noch st\u00e4rker als bisher schlagen kann.\u201c<\/p>\n\n\n\n<p>Das \u201eHaus der Vereine\u201c, das nach den Pl\u00e4nen des Architekturb\u00fcros \u201edunkelschwarz\u201c in Hybridbauweise mit besonders hohem Holzanteil errichtet wurde, versteht sich auch als offenes Haus. So besteht dort f\u00fcr alle Neumarkter Vereine die M\u00f6glichkeit, interne Versammlungen abzuhalten. Daf\u00fcr steht insbesondere ein bei Bedarf teilbarer Saal zur Verf\u00fcgung. <\/p>\n\n\n\n<p><a href=\"https:\/\/www.verlag-doppelpunkt.at\/bilderserien\/gemeinsames-dach-fuer-neumarkter-vereine\/\">Hier geht\u00b4s zur Bilderserie&gt;&gt;&gt;<\/a><\/p>\n\n\n\n<p>-25-02-2024-<\/p>\n\n\n\n<figure class=\"wp-block-image size-large\"><img loading=\"lazy\" decoding=\"async\" width=\"1024\" height=\"660\" src=\"https:\/\/www.verlag-doppelpunkt.at\/flachgauTV\/wp-content\/uploads\/2024\/02\/Vereinshauser\u00f6ffnung-78-1024x660.jpg\" alt=\"\" class=\"wp-image-5878\" srcset=\"https:\/\/www.verlag-doppelpunkt.at\/flachgauTV\/wp-content\/uploads\/2024\/02\/Vereinshauser\u00f6ffnung-78-1024x660.jpg 1024w, https:\/\/www.verlag-doppelpunkt.at\/flachgauTV\/wp-content\/uploads\/2024\/02\/Vereinshauser\u00f6ffnung-78-300x193.jpg 300w, https:\/\/www.verlag-doppelpunkt.at\/flachgauTV\/wp-content\/uploads\/2024\/02\/Vereinshauser\u00f6ffnung-78-768x495.jpg 768w, https:\/\/www.verlag-doppelpunkt.at\/flachgauTV\/wp-content\/uploads\/2024\/02\/Vereinshauser\u00f6ffnung-78-1536x990.jpg 1536w, https:\/\/www.verlag-doppelpunkt.at\/flachgauTV\/wp-content\/uploads\/2024\/02\/Vereinshauser\u00f6ffnung-78-730x471.jpg 730w, https:\/\/www.verlag-doppelpunkt.at\/flachgauTV\/wp-content\/uploads\/2024\/02\/Vereinshauser\u00f6ffnung-78-435x280.jpg 435w, https:\/\/www.verlag-doppelpunkt.at\/flachgauTV\/wp-content\/uploads\/2024\/02\/Vereinshauser\u00f6ffnung-78.jpg 1920w\" sizes=\"(max-width: 1024px) 100vw, 1024px\" \/><figcaption><em><strong>Festansprache<\/strong> von Landeshauptmann Wilfried Haslauer.<\/em><\/figcaption><\/figure>\n\n\n\n<figure class=\"wp-block-image size-large\"><img loading=\"lazy\" decoding=\"async\" width=\"1024\" height=\"678\" src=\"https:\/\/www.verlag-doppelpunkt.at\/flachgauTV\/wp-content\/uploads\/2024\/02\/Vereinshauser\u00f6ffnung-71-1024x678.jpg\" alt=\"\" class=\"wp-image-5877\" srcset=\"https:\/\/www.verlag-doppelpunkt.at\/flachgauTV\/wp-content\/uploads\/2024\/02\/Vereinshauser\u00f6ffnung-71-1024x678.jpg 1024w, https:\/\/www.verlag-doppelpunkt.at\/flachgauTV\/wp-content\/uploads\/2024\/02\/Vereinshauser\u00f6ffnung-71-300x199.jpg 300w, https:\/\/www.verlag-doppelpunkt.at\/flachgauTV\/wp-content\/uploads\/2024\/02\/Vereinshauser\u00f6ffnung-71-768x508.jpg 768w, https:\/\/www.verlag-doppelpunkt.at\/flachgauTV\/wp-content\/uploads\/2024\/02\/Vereinshauser\u00f6ffnung-71-1536x1017.jpg 1536w, https:\/\/www.verlag-doppelpunkt.at\/flachgauTV\/wp-content\/uploads\/2024\/02\/Vereinshauser\u00f6ffnung-71-730x483.jpg 730w, https:\/\/www.verlag-doppelpunkt.at\/flachgauTV\/wp-content\/uploads\/2024\/02\/Vereinshauser\u00f6ffnung-71-435x288.jpg 435w, https:\/\/www.verlag-doppelpunkt.at\/flachgauTV\/wp-content\/uploads\/2024\/02\/Vereinshauser\u00f6ffnung-71.jpg 1920w\" sizes=\"(max-width: 1024px) 100vw, 1024px\" \/><figcaption><em><strong>Herzlicher Dank.<\/strong> B\u00fcrgermeister Adi Rieger (links) bedankt sich bei Josef Sinnhuber, der 30 Jahre lang als Lokalpolitiker t\u00e4tig war und sich zuletzt gro\u00dfe Verdienste beim Bau des Hauses der Vereine erworben hat.<\/em><\/figcaption><\/figure>\n\n\n\n<figure class=\"wp-block-image size-large\"><img loading=\"lazy\" decoding=\"async\" width=\"1024\" height=\"660\" src=\"https:\/\/www.verlag-doppelpunkt.at\/flachgauTV\/wp-content\/uploads\/2024\/02\/Vereinshauser\u00f6ffnung-48-1024x660.jpg\" alt=\"\" class=\"wp-image-5876\" srcset=\"https:\/\/www.verlag-doppelpunkt.at\/flachgauTV\/wp-content\/uploads\/2024\/02\/Vereinshauser\u00f6ffnung-48-1024x660.jpg 1024w, https:\/\/www.verlag-doppelpunkt.at\/flachgauTV\/wp-content\/uploads\/2024\/02\/Vereinshauser\u00f6ffnung-48-300x193.jpg 300w, https:\/\/www.verlag-doppelpunkt.at\/flachgauTV\/wp-content\/uploads\/2024\/02\/Vereinshauser\u00f6ffnung-48-768x495.jpg 768w, https:\/\/www.verlag-doppelpunkt.at\/flachgauTV\/wp-content\/uploads\/2024\/02\/Vereinshauser\u00f6ffnung-48-1536x990.jpg 1536w, https:\/\/www.verlag-doppelpunkt.at\/flachgauTV\/wp-content\/uploads\/2024\/02\/Vereinshauser\u00f6ffnung-48-730x471.jpg 730w, https:\/\/www.verlag-doppelpunkt.at\/flachgauTV\/wp-content\/uploads\/2024\/02\/Vereinshauser\u00f6ffnung-48-435x280.jpg 435w, https:\/\/www.verlag-doppelpunkt.at\/flachgauTV\/wp-content\/uploads\/2024\/02\/Vereinshauser\u00f6ffnung-48.jpg 1920w\" sizes=\"(max-width: 1024px) 100vw, 1024px\" \/><figcaption><em><strong>Stadtpfarrer Gottfried Laireiter<\/strong> bei der Segnung des Hauses der Vereine.<br><\/em><\/figcaption><\/figure>\n\n\n\n<figure class=\"wp-block-image size-large\"><img loading=\"lazy\" decoding=\"async\" width=\"1024\" height=\"678\" src=\"https:\/\/www.verlag-doppelpunkt.at\/flachgauTV\/wp-content\/uploads\/2024\/02\/Vereinshauser\u00f6ffnung-21-1024x678.jpg\" alt=\"\" class=\"wp-image-5875\" srcset=\"https:\/\/www.verlag-doppelpunkt.at\/flachgauTV\/wp-content\/uploads\/2024\/02\/Vereinshauser\u00f6ffnung-21-1024x678.jpg 1024w, https:\/\/www.verlag-doppelpunkt.at\/flachgauTV\/wp-content\/uploads\/2024\/02\/Vereinshauser\u00f6ffnung-21-300x199.jpg 300w, https:\/\/www.verlag-doppelpunkt.at\/flachgauTV\/wp-content\/uploads\/2024\/02\/Vereinshauser\u00f6ffnung-21-768x509.jpg 768w, https:\/\/www.verlag-doppelpunkt.at\/flachgauTV\/wp-content\/uploads\/2024\/02\/Vereinshauser\u00f6ffnung-21-1536x1018.jpg 1536w, https:\/\/www.verlag-doppelpunkt.at\/flachgauTV\/wp-content\/uploads\/2024\/02\/Vereinshauser\u00f6ffnung-21-730x484.jpg 730w, https:\/\/www.verlag-doppelpunkt.at\/flachgauTV\/wp-content\/uploads\/2024\/02\/Vereinshauser\u00f6ffnung-21-435x288.jpg 435w, https:\/\/www.verlag-doppelpunkt.at\/flachgauTV\/wp-content\/uploads\/2024\/02\/Vereinshauser\u00f6ffnung-21.jpg 1920w\" sizes=\"(max-width: 1024px) 100vw, 1024px\" \/><figcaption><em><strong>F\u00fcr die musikalische Umrahmung<\/strong> des Festaktes sorgte die Trachtenmusik Neumarkt, die ebenfalls im neuen Haus der Vereine untergebracht ist.  Alle Bilder: Rule<\/em><\/figcaption><\/figure>\n","protected":false},"excerpt":{"rendered":"<p>Seit Ende Februar haben mehrere Vereine in Neumarkt ein neues Dach. Im Zentrum der Stadt wurden die 2022 gestarteten Arbeiten am Haus der Vereine nun fertiggestellt. Das Land Salzburg unterst\u00fctzte [&hellip;]<\/p>\n","protected":false},"author":5,"featured_media":5879,"comment_status":"open","ping_status":"open","sticky":false,"template":"","format":"standard","meta":{"jetpack_post_was_ever_published":false,"_jetpack_newsletter_access":"","_jetpack_dont_email_post_to_subs":false,"_jetpack_newsletter_tier_id":0,"_jetpack_memberships_contains_paywalled_content":false,"_jetpack_memberships_contains_paid_content":false,"footnotes":"","jetpack_publicize_message":"","jetpack_publicize_feature_enabled":true,"jetpack_social_post_already_shared":true,"jetpack_social_options":{"image_generator_settings":{"template":"highway","enabled":false}},"_links_to":"","_links_to_target":""},"categories":[1],"tags":[],"jetpack_publicize_connections":[],"jetpack_featured_media_url":"https:\/\/www.verlag-doppelpunkt.at\/flachgauTV\/wp-content\/uploads\/2024\/02\/Vereinshauser\u00f6ffnung-102.jpg","jetpack_sharing_enabled":true,"jetpack_shortlink":"https:\/\/wp.me\/paDzeQ-1wI","_links":{"self":[{"href":"https:\/\/www.verlag-doppelpunkt.at\/flachgauTV\/wp-json\/wp\/v2\/posts\/5872"}],"collection":[{"href":"https:\/\/www.verlag-doppelpunkt.at\/flachgauTV\/wp-json\/wp\/v2\/posts"}],"about":[{"href":"https:\/\/www.verlag-doppelpunkt.at\/flachgauTV\/wp-json\/wp\/v2\/types\/post"}],"author":[{"embeddable":true,"href":"https:\/\/www.verlag-doppelpunkt.at\/flachgauTV\/wp-json\/wp\/v2\/users\/5"}],"replies":[{"embeddable":true,"href":"https:\/\/www.verlag-doppelpunkt.at\/flachgauTV\/wp-json\/wp\/v2\/comments?post=5872"}],"version-history":[{"count":5,"href":"https:\/\/www.verlag-doppelpunkt.at\/flachgauTV\/wp-json\/wp\/v2\/posts\/5872\/revisions"}],"predecessor-version":[{"id":5956,"href":"https:\/\/www.verlag-doppelpunkt.at\/flachgauTV\/wp-json\/wp\/v2\/posts\/5872\/revisions\/5956"}],"wp:featuredmedia":[{"embeddable":true,"href":"https:\/\/www.verlag-doppelpunkt.at\/flachgauTV\/wp-json\/wp\/v2\/media\/5879"}],"wp:attachment":[{"href":"https:\/\/www.verlag-doppelpunkt.at\/flachgauTV\/wp-json\/wp\/v2\/media?parent=5872"}],"wp:term":[{"taxonomy":"category","embeddable":true,"href":"https:\/\/www.verlag-doppelpunkt.at\/flachgauTV\/wp-json\/wp\/v2\/categories?post=5872"},{"taxonomy":"post_tag","embeddable":true,"href":"https:\/\/www.verlag-doppelpunkt.at\/flachgauTV\/wp-json\/wp\/v2\/tags?post=5872"}],"curies":[{"name":"wp","href":"https:\/\/api.w.org\/{rel}","templated":true}]}}