{"id":5883,"date":"2024-04-02T05:47:00","date_gmt":"2024-04-02T03:47:00","guid":{"rendered":"https:\/\/www.verlag-doppelpunkt.at\/flachgauTV\/?p=5883"},"modified":"2024-04-02T10:13:29","modified_gmt":"2024-04-02T08:13:29","slug":"legende-und-wahrheit-ueber-die-veste-wartenfels","status":"publish","type":"post","link":"https:\/\/www.verlag-doppelpunkt.at\/flachgauTV\/legende-und-wahrheit-ueber-die-veste-wartenfels\/","title":{"rendered":"Legende und Wahrheit \u00fcber die \u201eVeste Wartenfels\u201c"},"content":{"rendered":"\n<p>Es ist vollbracht! 36 Jahre und 17 Chronikwerke: das Buch \u201eVeste Wartenfels \u2013 Legende und Wahrheit\u201c beschlie\u00dft die Aufarbeitung der historischen Ortsgeschichte Thalgaus<br>Jeder kennt sie, viele haben sie bereits besucht, und sie ziert seit vielen Jahrhunderten die wundersch\u00f6ne Thalgauer Landschaft. Die Rede ist von der Ruine Wartenfels. Gemeinsam mit dem m\u00e4chtigen Schober als sch\u00fctzender Hintergrund ist sie zu einem wahrhaftigen Touristenmagneten geworden und hat sich als wichtiger Kraftplatz in der Freizeitgestaltung etabliert. Auf den ersten Blick mag ihr Anblick vielleicht fu?r viele Besuchende als etwas nicht Besonderes erscheinen. Ein altes Mauerwerk auf einem kleinen Felsvorsprung l\u00e4sst nur im Stillen erahnen, welche Bedeutung die einst m\u00e4chtige Wehrburg \u00fcber viele Jahrhunderte f\u00fcr Mensch und Region gehabt hat.  <\/p>\n\n\n\n<div class=\"wp-block-image\"><figure class=\"alignleft size-large is-resized\"><img loading=\"lazy\" decoding=\"async\" src=\"https:\/\/www.verlag-doppelpunkt.at\/flachgauTV\/wp-content\/uploads\/2024\/02\/Autor-Iglhauser-681x1024.jpg\" alt=\"\" class=\"wp-image-5884\" width=\"319\" height=\"480\" srcset=\"https:\/\/www.verlag-doppelpunkt.at\/flachgauTV\/wp-content\/uploads\/2024\/02\/Autor-Iglhauser-681x1024.jpg 681w, https:\/\/www.verlag-doppelpunkt.at\/flachgauTV\/wp-content\/uploads\/2024\/02\/Autor-Iglhauser-200x300.jpg 200w, https:\/\/www.verlag-doppelpunkt.at\/flachgauTV\/wp-content\/uploads\/2024\/02\/Autor-Iglhauser-768x1154.jpg 768w, https:\/\/www.verlag-doppelpunkt.at\/flachgauTV\/wp-content\/uploads\/2024\/02\/Autor-Iglhauser-730x1097.jpg 730w, https:\/\/www.verlag-doppelpunkt.at\/flachgauTV\/wp-content\/uploads\/2024\/02\/Autor-Iglhauser-435x654.jpg 435w, https:\/\/www.verlag-doppelpunkt.at\/flachgauTV\/wp-content\/uploads\/2024\/02\/Autor-Iglhauser.jpg 1000w\" sizes=\"(max-width: 319px) 100vw, 319px\" \/><figcaption><em><strong>Autor Christoph Iglhauser<\/strong> pr\u00e4entiert das neue Buch.<\/em><\/figcaption><\/figure><\/div>\n\n\n\n<p>Frei nach dem Leitspruch \u201eIn den\nRuinen der Vergangenheit liegt der magische Zauber der Zukunft\u201c hat\nsich Autor Mag. Christoph Iglhauser auf eine letzte spannende\nZeitreise in die bedeutungsvolle Vergangenheit von Thalgau begeben\nund mit dem Buch \u201eVeste Wartenfels \u2013 Legende und Wahrheit\u201c die\nhistorische Aufarbeitung der Ortsgeschichte abgeschlossen. \n<\/p>\n\n\n\n<p>Die pr\u00e4gendste Figur in einer\neinzigartigen Spurensuche war Konrad von Wartenfels, der in vielerlei\nHinsicht eine angesehene Pers\u00f6nlichkeit seiner Zeit gewesen ist. Der\nedle Ritter stand nicht nur im hohen Dienst der Salzburger\nErzbisch\u00f6fe, sondern erf\u00fcllte auch unter Rudolf I. von Habsburg\neine wichtige Rolle im mit Intrigen durchzogenen politischen Kontext\ndes sp\u00e4ten 13. Jahrhunderts. Sein imponierender Lebensweg \u2013 die\nwichtigen Zusammenh\u00e4nge der verschiedenen Ministerialengeschlechter\neingeschlossen \u2013 und sein fortw\u00e4hrendes Schaffen konnten nun genau\nnachgezeichnet und mit zahlreichen Originaldokumenten ein f\u00fcr alle\nMal wissenschaftlich belegt werden. Das 17. Thalgauer Chronikwerk\nbeinhaltet neben einigen historischen Schmankerl auch zahlreiche\n\u00dcberraschungen. Neben dem historischen Teil kommen auch die im Jahr\n1984 abgeschlossenen umfangreichen Renovierungsarbeiten sowie das\nHier und Jetzt nicht zu kurz. Ein mehr als w\u00fcrdiger Rahmen f\u00fcr den\nletzten Mosaikstein. \n<\/p>\n\n\n\n<p>\u201eDer Weg der letzten Monate war oftmals steinig, aber stets von gro\u00dfer Neugierde und dem Willen getrieben, Antworten auf unbeantwortete Fragestellungen zu finden. Ich bin mit den verschiedenen Facetten der Thalgauer Ortsgeschichte aufgewachsen, von daher macht es mich stolz, dass ich nun aktiv meinen Teil in der Aufarbeitung beitragen konnte\u201c, erkl\u00e4rt Autor Christoph Iglhauser, der die letzten eineinhalb Jahre den \u00e4u\u00dferst spannenden Teilabschnitt detailliert aufgearbeitet hat.<\/p>\n\n\n\n<p><strong>Bernhard Iglhausers Lebenswerk vollendet<\/strong><br>Mit dem Buch \u201eVeste Wartenfels \u2013 Legende und Wahrheit\u201c hat der 38-J\u00e4hrige das beeindruckende Lebenswerk seines gesch\u00e4tzten Onkels DDr. Bernhard Iglhauser (gestorben Mai 2022), der \u00fcber all die Jahren von seiner bedingungslosen Heimatliebe getrieben war, in dessen Geiste w\u00fcrdig vollendet. \u201eZum Abschluss kann ich mit gro\u00dfem Stolz, inniger Wertsch\u00e4tzung gegen\u00fcber der leidenschaftlichen Arbeit meines Onkels in den letzten Jahrzehnten und sch\u00f6nen Emotionen sagen: Es ist vollbracht. Sein imponierendes Lebenswerk wurde nunmehr in seinem Sinne vollendet!\u201c, so Iglhauser.<\/p>\n\n\n\n<p><em>Im Bild oben: Johannes Niederbrucker, Peter W\u00f6rndl, Christoph Iglhauser und Johann Grubinger pr\u00e4sentieren das letzte Chronikwerk.   Bild: E. Schimak<\/em><\/p>\n\n\n\n<p><strong>Das k\u00f6nnte Sie auch interessieren: <\/strong><a href=\"https:\/\/www.verlag-doppelpunkt.at\/flachgauTV\/wp-admin\/post.php?post=4347&amp;action=edit\">Der Mythos Schober&gt;&gt;&gt;<\/a><\/p>\n\n\n\n<figure class=\"wp-block-image size-large\"><img loading=\"lazy\" decoding=\"async\" width=\"1024\" height=\"576\" src=\"https:\/\/www.verlag-doppelpunkt.at\/flachgauTV\/wp-content\/uploads\/2024\/02\/Veste-Wartenfels-1024x576.jpg\" alt=\"\" class=\"wp-image-5887\" srcset=\"https:\/\/www.verlag-doppelpunkt.at\/flachgauTV\/wp-content\/uploads\/2024\/02\/Veste-Wartenfels-1024x576.jpg 1024w, https:\/\/www.verlag-doppelpunkt.at\/flachgauTV\/wp-content\/uploads\/2024\/02\/Veste-Wartenfels-300x169.jpg 300w, https:\/\/www.verlag-doppelpunkt.at\/flachgauTV\/wp-content\/uploads\/2024\/02\/Veste-Wartenfels-768x432.jpg 768w, https:\/\/www.verlag-doppelpunkt.at\/flachgauTV\/wp-content\/uploads\/2024\/02\/Veste-Wartenfels-1536x864.jpg 1536w, https:\/\/www.verlag-doppelpunkt.at\/flachgauTV\/wp-content\/uploads\/2024\/02\/Veste-Wartenfels-730x411.jpg 730w, https:\/\/www.verlag-doppelpunkt.at\/flachgauTV\/wp-content\/uploads\/2024\/02\/Veste-Wartenfels-435x245.jpg 435w, https:\/\/www.verlag-doppelpunkt.at\/flachgauTV\/wp-content\/uploads\/2024\/02\/Veste-Wartenfels.jpg 1920w\" sizes=\"(max-width: 1024px) 100vw, 1024px\" \/><figcaption> <em><strong>Luftaufnahme der Ruine Wartenfels<\/strong> in Blickrichtung Fuschlsee.    Bild: T. Niederm\u00fcller <\/em><\/figcaption><\/figure>\n\n\n\n<figure class=\"wp-block-image size-large\"><img loading=\"lazy\" decoding=\"async\" width=\"700\" height=\"1024\" src=\"https:\/\/www.verlag-doppelpunkt.at\/flachgauTV\/wp-content\/uploads\/2024\/02\/Bild_12-700x1024.jpg\" alt=\"\" class=\"wp-image-5886\" srcset=\"https:\/\/www.verlag-doppelpunkt.at\/flachgauTV\/wp-content\/uploads\/2024\/02\/Bild_12-700x1024.jpg 700w, https:\/\/www.verlag-doppelpunkt.at\/flachgauTV\/wp-content\/uploads\/2024\/02\/Bild_12-205x300.jpg 205w, https:\/\/www.verlag-doppelpunkt.at\/flachgauTV\/wp-content\/uploads\/2024\/02\/Bild_12-768x1123.jpg 768w, https:\/\/www.verlag-doppelpunkt.at\/flachgauTV\/wp-content\/uploads\/2024\/02\/Bild_12-1051x1536.jpg 1051w, https:\/\/www.verlag-doppelpunkt.at\/flachgauTV\/wp-content\/uploads\/2024\/02\/Bild_12-1401x2048.jpg 1401w, https:\/\/www.verlag-doppelpunkt.at\/flachgauTV\/wp-content\/uploads\/2024\/02\/Bild_12-730x1067.jpg 730w, https:\/\/www.verlag-doppelpunkt.at\/flachgauTV\/wp-content\/uploads\/2024\/02\/Bild_12-435x636.jpg 435w, https:\/\/www.verlag-doppelpunkt.at\/flachgauTV\/wp-content\/uploads\/2024\/02\/Bild_12-scaled.jpg 1751w\" sizes=\"(max-width: 700px) 100vw, 700px\" \/><figcaption><strong> <em>Die unumg\u00e4nglichen Sanierungsarbeiten<\/em><\/strong><em> in den Jahren 1981\u20131984.  <br> Bild: Land Salzburg \/ Archiv Dr. H. Schmid <\/em><\/figcaption><\/figure>\n\n\n\n<figure class=\"wp-block-image size-large\"><img loading=\"lazy\" decoding=\"async\" width=\"638\" height=\"1024\" src=\"https:\/\/www.verlag-doppelpunkt.at\/flachgauTV\/wp-content\/uploads\/2024\/02\/Bild_10-638x1024.jpg\" alt=\"\" class=\"wp-image-5885\" srcset=\"https:\/\/www.verlag-doppelpunkt.at\/flachgauTV\/wp-content\/uploads\/2024\/02\/Bild_10-638x1024.jpg 638w, https:\/\/www.verlag-doppelpunkt.at\/flachgauTV\/wp-content\/uploads\/2024\/02\/Bild_10-187x300.jpg 187w, https:\/\/www.verlag-doppelpunkt.at\/flachgauTV\/wp-content\/uploads\/2024\/02\/Bild_10-768x1233.jpg 768w, https:\/\/www.verlag-doppelpunkt.at\/flachgauTV\/wp-content\/uploads\/2024\/02\/Bild_10-957x1536.jpg 957w, https:\/\/www.verlag-doppelpunkt.at\/flachgauTV\/wp-content\/uploads\/2024\/02\/Bild_10-1276x2048.jpg 1276w, https:\/\/www.verlag-doppelpunkt.at\/flachgauTV\/wp-content\/uploads\/2024\/02\/Bild_10-730x1172.jpg 730w, https:\/\/www.verlag-doppelpunkt.at\/flachgauTV\/wp-content\/uploads\/2024\/02\/Bild_10-435x698.jpg 435w, https:\/\/www.verlag-doppelpunkt.at\/flachgauTV\/wp-content\/uploads\/2024\/02\/Bild_10-scaled.jpg 1595w\" sizes=\"(max-width: 638px) 100vw, 638px\" \/><figcaption> <em><strong>Das langj\u00e4hrige Markenzeichen<\/strong> der sagenumwobenen Mauerreste der Ruine Wartenfels.  Bild: Sammlung Fam. Iglhauser <\/em><\/figcaption><\/figure>\n\n\n\n<p><\/p>\n","protected":false},"excerpt":{"rendered":"<p>Es ist vollbracht! 36 Jahre und 17 Chronikwerke: das Buch \u201eVeste Wartenfels \u2013 Legende und Wahrheit\u201c beschlie\u00dft die Aufarbeitung der historischen Ortsgeschichte ThalgausJeder kennt sie, viele haben sie bereits besucht, [&hellip;]<\/p>\n","protected":false},"author":5,"featured_media":5888,"comment_status":"open","ping_status":"open","sticky":false,"template":"","format":"standard","meta":{"jetpack_post_was_ever_published":false,"_jetpack_newsletter_access":"","_jetpack_dont_email_post_to_subs":false,"_jetpack_newsletter_tier_id":0,"_jetpack_memberships_contains_paywalled_content":false,"_jetpack_memberships_contains_paid_content":false,"footnotes":"","jetpack_publicize_message":"","jetpack_publicize_feature_enabled":true,"jetpack_social_post_already_shared":true,"jetpack_social_options":{"image_generator_settings":{"template":"highway","enabled":false}},"_links_to":"","_links_to_target":""},"categories":[9],"tags":[],"jetpack_publicize_connections":[],"jetpack_featured_media_url":"https:\/\/www.verlag-doppelpunkt.at\/flachgauTV\/wp-content\/uploads\/2024\/02\/Veste-Wartenfels1.jpg","jetpack_sharing_enabled":true,"jetpack_shortlink":"https:\/\/wp.me\/paDzeQ-1wT","_links":{"self":[{"href":"https:\/\/www.verlag-doppelpunkt.at\/flachgauTV\/wp-json\/wp\/v2\/posts\/5883"}],"collection":[{"href":"https:\/\/www.verlag-doppelpunkt.at\/flachgauTV\/wp-json\/wp\/v2\/posts"}],"about":[{"href":"https:\/\/www.verlag-doppelpunkt.at\/flachgauTV\/wp-json\/wp\/v2\/types\/post"}],"author":[{"embeddable":true,"href":"https:\/\/www.verlag-doppelpunkt.at\/flachgauTV\/wp-json\/wp\/v2\/users\/5"}],"replies":[{"embeddable":true,"href":"https:\/\/www.verlag-doppelpunkt.at\/flachgauTV\/wp-json\/wp\/v2\/comments?post=5883"}],"version-history":[{"count":6,"href":"https:\/\/www.verlag-doppelpunkt.at\/flachgauTV\/wp-json\/wp\/v2\/posts\/5883\/revisions"}],"predecessor-version":[{"id":5920,"href":"https:\/\/www.verlag-doppelpunkt.at\/flachgauTV\/wp-json\/wp\/v2\/posts\/5883\/revisions\/5920"}],"wp:featuredmedia":[{"embeddable":true,"href":"https:\/\/www.verlag-doppelpunkt.at\/flachgauTV\/wp-json\/wp\/v2\/media\/5888"}],"wp:attachment":[{"href":"https:\/\/www.verlag-doppelpunkt.at\/flachgauTV\/wp-json\/wp\/v2\/media?parent=5883"}],"wp:term":[{"taxonomy":"category","embeddable":true,"href":"https:\/\/www.verlag-doppelpunkt.at\/flachgauTV\/wp-json\/wp\/v2\/categories?post=5883"},{"taxonomy":"post_tag","embeddable":true,"href":"https:\/\/www.verlag-doppelpunkt.at\/flachgauTV\/wp-json\/wp\/v2\/tags?post=5883"}],"curies":[{"name":"wp","href":"https:\/\/api.w.org\/{rel}","templated":true}]}}