{"id":5935,"date":"2024-03-14T09:36:57","date_gmt":"2024-03-14T08:36:57","guid":{"rendered":"https:\/\/www.verlag-doppelpunkt.at\/flachgauTV\/?p=5935"},"modified":"2024-03-14T09:37:08","modified_gmt":"2024-03-14T08:37:08","slug":"spargel-aus-peru-muss-das-sein","status":"publish","type":"post","link":"https:\/\/www.verlag-doppelpunkt.at\/flachgauTV\/spargel-aus-peru-muss-das-sein\/","title":{"rendered":"Spargel aus Peru \u2013 muss das sein?"},"content":{"rendered":"\n<p>Obwohl Spargel hierzulande noch nicht\nSaison hat, ist er bereits im Supermarkt erh\u00e4ltlich. Welche Folgen\ndas f\u00fcr Mensch und Umwelt hat, zeigt der Verein Land schafft Leben\nauf.<\/p>\n\n\n\n<p>In \u00d6sterreich startet die\nSpargelsaison zwischen Mitte und Ende April. Doch schon im jetzt\nfindet man im Supermarkt wei\u00dfen und gr\u00fcnen Spargel. So greifen\nKonsumenten aufgrund der Verf\u00fcgbarkeit oft unbewusst schon viele\nWochen vor der heimischen Spargelernte zur Importware. Hinter dieser\nstecken teilweise Arbeitsbedingungen, die mit heimischen nicht\nvergleichbar sind. Dar\u00fcber hinaus kann der Anbau in\nniederschlagsarmen Regionen wie in Teilen Perus die dortige\nWasserknappheit versch\u00e4rfen.<\/p>\n\n\n\n<p>Weltweit betrachtet sind unter anderem\nPeru und Mexiko gro\u00dfe Exporteure von Spargel. Diese L\u00e4nder k\u00f6nnen\naufgrund milder Temperaturen und billiger Produktionsweisen\nkosteng\u00fcnstig Spargel kultivieren. In der EU sind L\u00e4nder wie\nDeutschland, Spanien oder Italien gro\u00dfe Exporteure. Spargel aus\nL\u00e4ndern wie diesen findet sich schon Wochen vor der heimischen\nSaison im Supermarkt \u2013 und das oft zu g\u00fcnstigeren Preisen als\nSpargel aus \u00f6sterreichischer Produktion. Hannes Royer, Gr\u00fcnder des\nVereins Land schafft Leben, sagt dazu: \n<\/p>\n\n\n\n<p>\u201eImportierter Spargel kostet\nvielleicht weniger, daf\u00fcr zahlen Mensch und Umwelt bei seiner\nProduktion drauf. Spargel wird oft in regenarmen Regionen angebaut\nund dort aufw\u00e4ndig bew\u00e4ssert. \u00dcberspitzt gesagt, importieren wir\nalso Wasser in Form von Spargel aus Regionen, die ohnehin nicht viel\ndavon haben. \u00dcber die Bedingungen, unter denen die Arbeitskr\u00e4fte in\ndiesen L\u00e4ndern arbeiten, wissen wir meistens wenig bis gar nichts.\nZahlt es sich da nicht doch aus, noch die paar Wochen abzuwarten, bis\nder Spargel auch bei uns Saison hat?\u201c \n<\/p>\n\n\n\n<p>Warum Spargel aus \u00d6sterreich?<\/p>\n\n\n\n<p>Die Spargelernte muss h\u00e4ndisch\nerfolgen. In \u00d6sterreich passiert das mit Hilfe von\nSaisonarbeitskr\u00e4ften unter Einhaltung \u00f6sterreichischer\nSozialstandards, wie es sie in anderen L\u00e4ndern h\u00e4ufig nicht gibt.\nMehr als die H\u00e4lfte des \u00f6sterreichischen Spargels kommt aus dem\nMarchfeld. Mit einer Erntemenge von rund 2,5 Tonnen liegt der\nSelbstversorgungsgrad bei etwa 50 Prozent. Die Saison von Spargel\nbeginnt meist zwischen Mitte und Ende April und dauert bis Ende Juni\nan. Das Wissen dar\u00fcber, wann etwas Saison hat, gehe jedoch zunehmend\nverloren, sagt Hannes Royer: \u201eObst und Gem\u00fcse steht uns heute\nquasi jederzeit und \u00fcberall zur Verf\u00fcgung. M\u00f6glich ist das nur,\nweil es aus den verschiedensten Teilen der Welt importiert wird.\nDurch diese st\u00e4ndige Verf\u00fcgbarkeit wissen wir oft gar nicht mehr,\nwann etwas bei uns Saison hat. Dabei spielt die Saisonalit\u00e4t eine\ngro\u00dfe Rolle, wenn es um einen klimafreundlichen Einkauf geht. Wir\nk\u00f6nnen das aber wieder lernen, und zwar indem wir beim Einkauf\neinfach immer auf das Etikett schauen. Dann wird uns auffallen, wie\nviel Obst und Gem\u00fcse aktuell noch nicht aus \u00d6sterreich kommt, auch\nwenn gef\u00fchlt schon Fr\u00fchling ist.\u201c \n<\/p>\n\n\n\n<p>14. 3. 2024<\/p>\n","protected":false},"excerpt":{"rendered":"<p>Obwohl Spargel hierzulande noch nicht Saison hat, ist er bereits im Supermarkt erh\u00e4ltlich. Welche Folgen das f\u00fcr Mensch und Umwelt hat, zeigt der Verein Land schafft Leben auf. In \u00d6sterreich [&hellip;]<\/p>\n","protected":false},"author":5,"featured_media":5936,"comment_status":"open","ping_status":"open","sticky":false,"template":"","format":"standard","meta":{"jetpack_post_was_ever_published":false,"_jetpack_newsletter_access":"","_jetpack_dont_email_post_to_subs":false,"_jetpack_newsletter_tier_id":0,"_jetpack_memberships_contains_paywalled_content":false,"_jetpack_memberships_contains_paid_content":false,"footnotes":"","jetpack_publicize_message":"","jetpack_publicize_feature_enabled":true,"jetpack_social_post_already_shared":true,"jetpack_social_options":{"image_generator_settings":{"template":"highway","enabled":false}},"_links_to":"","_links_to_target":""},"categories":[50],"tags":[],"jetpack_publicize_connections":[],"jetpack_featured_media_url":"https:\/\/www.verlag-doppelpunkt.at\/flachgauTV\/wp-content\/uploads\/2024\/03\/Spargel.jpg","jetpack_sharing_enabled":true,"jetpack_shortlink":"https:\/\/wp.me\/paDzeQ-1xJ","_links":{"self":[{"href":"https:\/\/www.verlag-doppelpunkt.at\/flachgauTV\/wp-json\/wp\/v2\/posts\/5935"}],"collection":[{"href":"https:\/\/www.verlag-doppelpunkt.at\/flachgauTV\/wp-json\/wp\/v2\/posts"}],"about":[{"href":"https:\/\/www.verlag-doppelpunkt.at\/flachgauTV\/wp-json\/wp\/v2\/types\/post"}],"author":[{"embeddable":true,"href":"https:\/\/www.verlag-doppelpunkt.at\/flachgauTV\/wp-json\/wp\/v2\/users\/5"}],"replies":[{"embeddable":true,"href":"https:\/\/www.verlag-doppelpunkt.at\/flachgauTV\/wp-json\/wp\/v2\/comments?post=5935"}],"version-history":[{"count":1,"href":"https:\/\/www.verlag-doppelpunkt.at\/flachgauTV\/wp-json\/wp\/v2\/posts\/5935\/revisions"}],"predecessor-version":[{"id":5937,"href":"https:\/\/www.verlag-doppelpunkt.at\/flachgauTV\/wp-json\/wp\/v2\/posts\/5935\/revisions\/5937"}],"wp:featuredmedia":[{"embeddable":true,"href":"https:\/\/www.verlag-doppelpunkt.at\/flachgauTV\/wp-json\/wp\/v2\/media\/5936"}],"wp:attachment":[{"href":"https:\/\/www.verlag-doppelpunkt.at\/flachgauTV\/wp-json\/wp\/v2\/media?parent=5935"}],"wp:term":[{"taxonomy":"category","embeddable":true,"href":"https:\/\/www.verlag-doppelpunkt.at\/flachgauTV\/wp-json\/wp\/v2\/categories?post=5935"},{"taxonomy":"post_tag","embeddable":true,"href":"https:\/\/www.verlag-doppelpunkt.at\/flachgauTV\/wp-json\/wp\/v2\/tags?post=5935"}],"curies":[{"name":"wp","href":"https:\/\/api.w.org\/{rel}","templated":true}]}}