{"id":5938,"date":"2024-03-20T10:14:51","date_gmt":"2024-03-20T09:14:51","guid":{"rendered":"https:\/\/www.verlag-doppelpunkt.at\/flachgauTV\/?p=5938"},"modified":"2024-03-20T10:53:33","modified_gmt":"2024-03-20T09:53:33","slug":"den-stadtschreiber-gibts-jetzt-auch-als-buch","status":"publish","type":"post","link":"https:\/\/www.verlag-doppelpunkt.at\/flachgauTV\/den-stadtschreiber-gibts-jetzt-auch-als-buch\/","title":{"rendered":"Den Stadtschrei(b)er gibt\u2019s jetzt auch als Buch"},"content":{"rendered":"<p>Der \u201eNeumarkter Stadtschrei(b)er\u201c Peter Krackowizer hat ein kostenloses als pdf erh\u00e4ltliches Buch seiner zehnj\u00e4hrigen T\u00e4tigkeit als \u201eStadtschrei(b)er\u201c ver\u00f6ffentlicht.<br \/>Seit Beginn des Jahres 2014 hat der \u201eNeumarkter Stadtschrei(b)er\u201c rund 400 Artikel \u00fcber Gesehenes, Erlebtes und Geh\u00f6rtes in Neumarkt ver\u00f6ffentlicht. Bis Ende Dezember 2023 wurden seine Beitr\u00e4ge \u00fcber 110.000 Mal von rund 62.000 Besuchern in seinem Blog aufgerufen.<br \/>Es sind lokale Ereignisse, \u00fcber die Krackowizer berichtet, wie von Ausstellungen, Jubil\u00e4en von Vereinen oder Schulen, wenn K\u00fcnstler und Ehrenb\u00fcrger Johann \u201eHans\u201c Weyringer wieder einmal eine Skulptur in seinem Skulpturengarten aufstellt, von Oldtimer-Veranstaltungen, den Ruperti Stadtfesten, den Seefesten der Feuerwehr, von arch\u00e4ologischen Funden im Stadtgebiet, vom Ger\u00fccht, die Marriott Hotelkette werde ein Hotel und Chalet Dorf in der Wallersee Ostbucht mit einem Restaurant mitten im See errichten, von Faschingsumz\u00fcgen und anderen Themen.<br \/>Nun sind die Beitr\u00e4ge des Stadtschreibers auch als Buch erschienen. Auf 268 Seiten mit knapp 1.000 Bildern und rund 500 Eintr\u00e4gen im Stichwortregister l\u00e4sst er die vergangen zehn Jahre wieder lebendig werden..<br \/>Das Buch kann es unter diesem<a href=\"http:\/\/tinyurl.com\/yv5bap9m\"> Link&gt;&gt;&gt;<\/a> als kostenloses PDF herunterladen werden.<\/p>\n<p><em><strong>Noch ein Buch vom Stadtschrei(b)er<\/strong><\/em><\/p>\n<figure id=\"attachment_4123\" aria-describedby=\"caption-attachment-4123\" style=\"width: 300px\" class=\"wp-caption alignnone\"><img loading=\"lazy\" decoding=\"async\" class=\"size-medium wp-image-4123\" src=\"https:\/\/www.verlag-doppelpunkt.at\/flachgauTV\/wp-content\/uploads\/2022\/04\/Kracko2-300x169.jpg\" alt=\"\" width=\"300\" height=\"169\" srcset=\"https:\/\/www.verlag-doppelpunkt.at\/flachgauTV\/wp-content\/uploads\/2022\/04\/Kracko2-300x169.jpg 300w, https:\/\/www.verlag-doppelpunkt.at\/flachgauTV\/wp-content\/uploads\/2022\/04\/Kracko2-1024x576.jpg 1024w, https:\/\/www.verlag-doppelpunkt.at\/flachgauTV\/wp-content\/uploads\/2022\/04\/Kracko2-768x432.jpg 768w, https:\/\/www.verlag-doppelpunkt.at\/flachgauTV\/wp-content\/uploads\/2022\/04\/Kracko2-1536x864.jpg 1536w, https:\/\/www.verlag-doppelpunkt.at\/flachgauTV\/wp-content\/uploads\/2022\/04\/Kracko2-730x411.jpg 730w, https:\/\/www.verlag-doppelpunkt.at\/flachgauTV\/wp-content\/uploads\/2022\/04\/Kracko2-435x245.jpg 435w, https:\/\/www.verlag-doppelpunkt.at\/flachgauTV\/wp-content\/uploads\/2022\/04\/Kracko2.jpg 1920w\" sizes=\"(max-width: 300px) 100vw, 300px\" \/><figcaption id=\"caption-attachment-4123\" class=\"wp-caption-text\">Peter Krackowizer mit seiner Biografie \u00fcber seinen Vater Helmut Krackowizer. Neben dem Buch sieht man eine Bilderzusammenstellung, die im Archiv von Helmut Krackowizer an der Wand hing. Sie zeigt Helmut Krackowizer als Rennfahrer und Explosionszeichnungen von Motoren. Verdeckt durch ein Exemplar der Biografie ein Plakat mit Gimmy Guthrie<\/figcaption><\/figure>\n\n\n<p><a href=\"https:\/\/www.verlag-doppelpunkt.at\/flachgauTV\/mister-rudge-waere-jetzt-100-jahre-alt\/\">Hier geht\u00b4s zum Buch<\/a><\/p>\n","protected":false},"excerpt":{"rendered":"<p>Der \u201eNeumarkter Stadtschrei(b)er\u201c Peter Krackowizer hat ein kostenloses als pdf erh\u00e4ltliches Buch seiner zehnj\u00e4hrigen T\u00e4tigkeit als \u201eStadtschrei(b)er\u201c ver\u00f6ffentlicht.Seit Beginn des Jahres 2014 hat der \u201eNeumarkter Stadtschrei(b)er\u201c rund 400 Artikel \u00fcber [&hellip;]<\/p>\n","protected":false},"author":5,"featured_media":5939,"comment_status":"open","ping_status":"open","sticky":false,"template":"","format":"standard","meta":{"jetpack_post_was_ever_published":false,"_jetpack_newsletter_access":"","_jetpack_dont_email_post_to_subs":false,"_jetpack_newsletter_tier_id":0,"_jetpack_memberships_contains_paywalled_content":false,"_jetpack_memberships_contains_paid_content":false,"footnotes":"","jetpack_publicize_message":"","jetpack_publicize_feature_enabled":true,"jetpack_social_post_already_shared":true,"jetpack_social_options":{"image_generator_settings":{"template":"highway","enabled":false}},"_links_to":"","_links_to_target":""},"categories":[1],"tags":[],"jetpack_publicize_connections":[],"jetpack_featured_media_url":"https:\/\/www.verlag-doppelpunkt.at\/flachgauTV\/wp-content\/uploads\/2024\/03\/Krako.jpg","jetpack_sharing_enabled":true,"jetpack_shortlink":"https:\/\/wp.me\/paDzeQ-1xM","_links":{"self":[{"href":"https:\/\/www.verlag-doppelpunkt.at\/flachgauTV\/wp-json\/wp\/v2\/posts\/5938"}],"collection":[{"href":"https:\/\/www.verlag-doppelpunkt.at\/flachgauTV\/wp-json\/wp\/v2\/posts"}],"about":[{"href":"https:\/\/www.verlag-doppelpunkt.at\/flachgauTV\/wp-json\/wp\/v2\/types\/post"}],"author":[{"embeddable":true,"href":"https:\/\/www.verlag-doppelpunkt.at\/flachgauTV\/wp-json\/wp\/v2\/users\/5"}],"replies":[{"embeddable":true,"href":"https:\/\/www.verlag-doppelpunkt.at\/flachgauTV\/wp-json\/wp\/v2\/comments?post=5938"}],"version-history":[{"count":6,"href":"https:\/\/www.verlag-doppelpunkt.at\/flachgauTV\/wp-json\/wp\/v2\/posts\/5938\/revisions"}],"predecessor-version":[{"id":5947,"href":"https:\/\/www.verlag-doppelpunkt.at\/flachgauTV\/wp-json\/wp\/v2\/posts\/5938\/revisions\/5947"}],"wp:featuredmedia":[{"embeddable":true,"href":"https:\/\/www.verlag-doppelpunkt.at\/flachgauTV\/wp-json\/wp\/v2\/media\/5939"}],"wp:attachment":[{"href":"https:\/\/www.verlag-doppelpunkt.at\/flachgauTV\/wp-json\/wp\/v2\/media?parent=5938"}],"wp:term":[{"taxonomy":"category","embeddable":true,"href":"https:\/\/www.verlag-doppelpunkt.at\/flachgauTV\/wp-json\/wp\/v2\/categories?post=5938"},{"taxonomy":"post_tag","embeddable":true,"href":"https:\/\/www.verlag-doppelpunkt.at\/flachgauTV\/wp-json\/wp\/v2\/tags?post=5938"}],"curies":[{"name":"wp","href":"https:\/\/api.w.org\/{rel}","templated":true}]}}