{"id":5971,"date":"2024-03-29T09:09:58","date_gmt":"2024-03-29T08:09:58","guid":{"rendered":"https:\/\/www.verlag-doppelpunkt.at\/flachgauTV\/?p=5971"},"modified":"2024-03-29T09:11:52","modified_gmt":"2024-03-29T08:11:52","slug":"neuer-kapellmeister-in-oberhofen","status":"publish","type":"post","link":"https:\/\/www.verlag-doppelpunkt.at\/flachgauTV\/neuer-kapellmeister-in-oberhofen\/","title":{"rendered":"Neuer Kapellmeister in Oberhofen"},"content":{"rendered":"\n<p>Anl\u00e4sslich\ndes Fr\u00fchlingskonzertes am 22. und 23. M\u00e4rz der Trachtenmusikkapelle\nOberhofen am Irrsee wurde auch der Taktstock \u00fcbergeben. Mit dem\npassenden Titel \u201eEine letzte Runde\u201c von Markus Nentwich\nverabschiedete sich Magdalena Sumetshammer (Bild) in die\nKapellmeisterinnenpension. \n<\/p>\n\n\n\n<p>Magdalena leitete neun Jahre die Trachtenmusikkapelle Oberhofen und kann auf zahlreiche musikalische H\u00f6hepunkte zur\u00fcckblicken. Als ihren Nachfolger konnte die Musik Oberhofen Klemens Winkler aus Seekirchen am Wallersee gewinnen. Klemens leitete auch den restlichen Konzertabend. Mit St\u00fccken wie \u201eOregon\u201c von Jacob de Haan, \u201eSchmelzende Riesen\u201c von Armin Kofler das auf die Klimaerw\u00e4rmung anspielt, \u201eAfrican Symphony\u201c von Van McCoy mit unseren Schlagzeugsolisten Christian Gassner und Maximilian H\u00f6llwarth spannte sich der musikalische Bogen. Auch eine vermutlich ober\u00f6sterreichische Erstauff\u00fchrung wurde dargeboten. Die Vertonung der Sage \u201eVom kalten Birnbaum\u201c von Fritz Neub\u00f6ck wurde zum Besten gegeben. Die Sage hatte ihren Schauplatz in Hochfeld (Stra\u00dfwalchen) dem ehemaligen Gemeindegebiet von Oberhofen am Irrsee. (30. 3. 2024 )<\/p>\n","protected":false},"excerpt":{"rendered":"<p>Anl\u00e4sslich des Fr\u00fchlingskonzertes am 22. und 23. M\u00e4rz der Trachtenmusikkapelle Oberhofen am Irrsee wurde auch der Taktstock \u00fcbergeben. Mit dem passenden Titel \u201eEine letzte Runde\u201c von Markus Nentwich verabschiedete sich [&hellip;]<\/p>\n","protected":false},"author":5,"featured_media":5970,"comment_status":"open","ping_status":"open","sticky":false,"template":"","format":"standard","meta":{"jetpack_post_was_ever_published":false,"_jetpack_newsletter_access":"","_jetpack_dont_email_post_to_subs":false,"_jetpack_newsletter_tier_id":0,"_jetpack_memberships_contains_paywalled_content":false,"_jetpack_memberships_contains_paid_content":false,"footnotes":"","jetpack_publicize_message":"","jetpack_publicize_feature_enabled":true,"jetpack_social_post_already_shared":true,"jetpack_social_options":{"image_generator_settings":{"template":"highway","enabled":false}},"_links_to":"","_links_to_target":""},"categories":[15],"tags":[],"jetpack_publicize_connections":[],"jetpack_featured_media_url":"https:\/\/www.verlag-doppelpunkt.at\/flachgauTV\/wp-content\/uploads\/2024\/03\/Kapellmeisterin.jpg","jetpack_sharing_enabled":true,"jetpack_shortlink":"https:\/\/wp.me\/paDzeQ-1yj","_links":{"self":[{"href":"https:\/\/www.verlag-doppelpunkt.at\/flachgauTV\/wp-json\/wp\/v2\/posts\/5971"}],"collection":[{"href":"https:\/\/www.verlag-doppelpunkt.at\/flachgauTV\/wp-json\/wp\/v2\/posts"}],"about":[{"href":"https:\/\/www.verlag-doppelpunkt.at\/flachgauTV\/wp-json\/wp\/v2\/types\/post"}],"author":[{"embeddable":true,"href":"https:\/\/www.verlag-doppelpunkt.at\/flachgauTV\/wp-json\/wp\/v2\/users\/5"}],"replies":[{"embeddable":true,"href":"https:\/\/www.verlag-doppelpunkt.at\/flachgauTV\/wp-json\/wp\/v2\/comments?post=5971"}],"version-history":[{"count":3,"href":"https:\/\/www.verlag-doppelpunkt.at\/flachgauTV\/wp-json\/wp\/v2\/posts\/5971\/revisions"}],"predecessor-version":[{"id":5974,"href":"https:\/\/www.verlag-doppelpunkt.at\/flachgauTV\/wp-json\/wp\/v2\/posts\/5971\/revisions\/5974"}],"wp:featuredmedia":[{"embeddable":true,"href":"https:\/\/www.verlag-doppelpunkt.at\/flachgauTV\/wp-json\/wp\/v2\/media\/5970"}],"wp:attachment":[{"href":"https:\/\/www.verlag-doppelpunkt.at\/flachgauTV\/wp-json\/wp\/v2\/media?parent=5971"}],"wp:term":[{"taxonomy":"category","embeddable":true,"href":"https:\/\/www.verlag-doppelpunkt.at\/flachgauTV\/wp-json\/wp\/v2\/categories?post=5971"},{"taxonomy":"post_tag","embeddable":true,"href":"https:\/\/www.verlag-doppelpunkt.at\/flachgauTV\/wp-json\/wp\/v2\/tags?post=5971"}],"curies":[{"name":"wp","href":"https:\/\/api.w.org\/{rel}","templated":true}]}}