{"id":5975,"date":"2024-03-29T10:11:35","date_gmt":"2024-03-29T09:11:35","guid":{"rendered":"https:\/\/www.verlag-doppelpunkt.at\/flachgauTV\/?p=5975"},"modified":"2024-03-29T10:12:20","modified_gmt":"2024-03-29T09:12:20","slug":"vom-traumschiff-kapitaen-bis-zu-oliver-kahn","status":"publish","type":"post","link":"https:\/\/www.verlag-doppelpunkt.at\/flachgauTV\/vom-traumschiff-kapitaen-bis-zu-oliver-kahn\/","title":{"rendered":"Vom Traumschiff-Kapit\u00e4n bis zu \u201eOlli Kahn\u201d"},"content":{"rendered":"\n<p>Der Abend beginnt mit einem klugen\nZitat von John Lennon: \u201eDas Leben ist das was passiert, w\u00e4hrend\nwir dabei sind, andere Pl\u00e4ne zu machen.\u201c Und endet mit einem nicht\nganz so klugen Zitat von Lothar Matth\u00e4us: \u201eWir d\u00fcrfen jetzt nicht\nden Sand in den Kopf stecken.\u201c Dazwischen unterh\u00e4lt Chris\nBoettcher sein Publikum mit bayerischen Musikkabarett allerbeste\nG\u00fcte.<\/p>\n\n\n\n<p>Chris Boettcher war zuletzt vor zehn\nJahren im Obertrumer Bierkabarett zu Gast und kam diesmal nicht\nallein. Denn mit im Gep\u00e4ck hatte Boettcher jede Menge Parodien und\nso standen abwechselnd zumindest akustisch auch Udo Lindenberg,\nHerbert Gr\u00f6nemeyer, Peter Maffay oder Heino auf der B\u00fchne. Auch\nFlorian Silbereisen hat Chris Boettcher im Programm. Und das nicht\nnur stimmlich. Boettcher bringt den Traumschiff-Kapit\u00e4n \u00fcberzeugend\nund strapaziert damit die Lachmuskeln seines Publikums.<\/p>\n\n\n\n<p>Dazwischen gibt es Gedichte aller Art.\nKurze und lange, vor allem aber immer mit k\u00f6stlichen Pointen. So\nreiht Boettcher Namen bekannter Fu\u00dfballer so aneinander, dass daraus\nein erotischer Text entsteht, der schlie\u00dflich damit endete, dass\n\u201eOlli kahn\u201c.<\/p>\n\n\n\n<p>Entweder hat sich Chris Boettcher auf\ndiesen Abend besonders gut vorbereitet, oder er verfolgt laufend mit\ngr\u00f6\u00dftem Interesse die \u00f6sterreichische Politik. Weil auch Nehammer\nund Babler, Kickl und Kurz haben zum Gelingen dieses Abends\nbeigetragen. Und dass H. C. Strache seit kurzem Tourismuschef der\nFerieninsel Ibizza ist, war selbst den Damen und Herren im Publikum\nneu.<\/p>\n\n\n\n<p>Kurzum: Ein h\u00f6chst vergn\u00fcglicher\nAbend, nach dem es wohl niemand st\u00f6ren w\u00fcrde, wenn Chris Boettcher\nbei zu seinem n\u00e4chsten Auftritt im Bierkabarett nicht wieder zehn\nJahre vergehen lassen w\u00fcrde \u2026 (30. 3. 2024)<\/p>\n","protected":false},"excerpt":{"rendered":"<p>Der Abend beginnt mit einem klugen Zitat von John Lennon: \u201eDas Leben ist das was passiert, w\u00e4hrend wir dabei sind, andere Pl\u00e4ne zu machen.\u201c Und endet mit einem nicht ganz [&hellip;]<\/p>\n","protected":false},"author":5,"featured_media":5976,"comment_status":"open","ping_status":"open","sticky":false,"template":"","format":"standard","meta":{"jetpack_post_was_ever_published":false,"_jetpack_newsletter_access":"","_jetpack_dont_email_post_to_subs":false,"_jetpack_newsletter_tier_id":0,"_jetpack_memberships_contains_paywalled_content":false,"_jetpack_memberships_contains_paid_content":false,"footnotes":"","jetpack_publicize_message":"","jetpack_publicize_feature_enabled":true,"jetpack_social_post_already_shared":true,"jetpack_social_options":{"image_generator_settings":{"template":"highway","enabled":false}},"_links_to":"","_links_to_target":""},"categories":[15],"tags":[],"jetpack_publicize_connections":[],"jetpack_featured_media_url":"https:\/\/www.verlag-doppelpunkt.at\/flachgauTV\/wp-content\/uploads\/2024\/03\/Boettcher-als-Freudenspender-8.jpg","jetpack_sharing_enabled":true,"jetpack_shortlink":"https:\/\/wp.me\/paDzeQ-1yn","_links":{"self":[{"href":"https:\/\/www.verlag-doppelpunkt.at\/flachgauTV\/wp-json\/wp\/v2\/posts\/5975"}],"collection":[{"href":"https:\/\/www.verlag-doppelpunkt.at\/flachgauTV\/wp-json\/wp\/v2\/posts"}],"about":[{"href":"https:\/\/www.verlag-doppelpunkt.at\/flachgauTV\/wp-json\/wp\/v2\/types\/post"}],"author":[{"embeddable":true,"href":"https:\/\/www.verlag-doppelpunkt.at\/flachgauTV\/wp-json\/wp\/v2\/users\/5"}],"replies":[{"embeddable":true,"href":"https:\/\/www.verlag-doppelpunkt.at\/flachgauTV\/wp-json\/wp\/v2\/comments?post=5975"}],"version-history":[{"count":2,"href":"https:\/\/www.verlag-doppelpunkt.at\/flachgauTV\/wp-json\/wp\/v2\/posts\/5975\/revisions"}],"predecessor-version":[{"id":5978,"href":"https:\/\/www.verlag-doppelpunkt.at\/flachgauTV\/wp-json\/wp\/v2\/posts\/5975\/revisions\/5978"}],"wp:featuredmedia":[{"embeddable":true,"href":"https:\/\/www.verlag-doppelpunkt.at\/flachgauTV\/wp-json\/wp\/v2\/media\/5976"}],"wp:attachment":[{"href":"https:\/\/www.verlag-doppelpunkt.at\/flachgauTV\/wp-json\/wp\/v2\/media?parent=5975"}],"wp:term":[{"taxonomy":"category","embeddable":true,"href":"https:\/\/www.verlag-doppelpunkt.at\/flachgauTV\/wp-json\/wp\/v2\/categories?post=5975"},{"taxonomy":"post_tag","embeddable":true,"href":"https:\/\/www.verlag-doppelpunkt.at\/flachgauTV\/wp-json\/wp\/v2\/tags?post=5975"}],"curies":[{"name":"wp","href":"https:\/\/api.w.org\/{rel}","templated":true}]}}