{"id":5989,"date":"2024-04-08T13:49:36","date_gmt":"2024-04-08T11:49:36","guid":{"rendered":"https:\/\/www.verlag-doppelpunkt.at\/flachgauTV\/?p=5989"},"modified":"2024-04-08T14:04:00","modified_gmt":"2024-04-08T12:04:00","slug":"prost-mahlzeit-die-fischpredigt","status":"publish","type":"post","link":"https:\/\/www.verlag-doppelpunkt.at\/flachgauTV\/prost-mahlzeit-die-fischpredigt\/","title":{"rendered":"Prost Mahlzeit &#8211; Die Fischpredigt"},"content":{"rendered":"<p>Karl Firlinger feiert Geburtstag. Nicht wirklich freiwillig, aber muss halt sein. Und dieser Anlass dient auch dazu, die Verlobung seiner Tochter Rosl mit dem reichen M\u00fcllerssohn Hans Windling zu verk\u00fcnden. Als Festschmaus soll es k\u00f6stliche W\u00fcrste geben und zwar zwar reichlich. Dass noch am selben Tag sowohl die Gastgeber als auch die G\u00e4ste von einem Tierarzt behandelt werden m\u00fcssen, konnte ja niemand ahnen und was das alles mit der Fischpredigt des Antonius ist auch unklar. Wer mehr wissen m\u00f6chte: Bis zum 13. April zeigen die Hofer Theaterspieler noch die Kom\u00f6die &#8222;Prost Mahlzeit &#8211; Die Fischpredigt&#8220;.<\/p>\n<p><a href=\"https:\/\/www.verlag-doppelpunkt.at\/bilderserien\/prost-mahlzeit-die-fischpredigt\/\">Zur Bilderserie geht\u00b4s hier&gt;&gt;&gt;<\/a><\/p>\n<p><a href=\"https:\/\/www.hofer-theaterspieler.at\/\">Zur Theater Homepage geht\u00b4s hier&gt;&gt;&gt;<\/a><\/p>\n","protected":false},"excerpt":{"rendered":"<p>Karl Firlinger feiert Geburtstag. Nicht wirklich freiwillig, aber muss halt sein. Und dieser Anlass dient auch dazu, die Verlobung seiner Tochter Rosl mit dem reichen M\u00fcllerssohn Hans Windling zu verk\u00fcnden. [&hellip;]<\/p>\n","protected":false},"author":5,"featured_media":5990,"comment_status":"open","ping_status":"open","sticky":false,"template":"","format":"standard","meta":{"jetpack_post_was_ever_published":false,"_jetpack_newsletter_access":"","_jetpack_dont_email_post_to_subs":false,"_jetpack_newsletter_tier_id":0,"_jetpack_memberships_contains_paywalled_content":false,"_jetpack_memberships_contains_paid_content":false,"footnotes":"","jetpack_publicize_message":"","jetpack_publicize_feature_enabled":true,"jetpack_social_post_already_shared":true,"jetpack_social_options":{"image_generator_settings":{"template":"highway","enabled":false}},"_links_to":"","_links_to_target":""},"categories":[20,15],"tags":[],"jetpack_publicize_connections":[],"jetpack_featured_media_url":"https:\/\/www.verlag-doppelpunkt.at\/flachgauTV\/wp-content\/uploads\/2024\/04\/Titel1.jpg","jetpack_sharing_enabled":true,"jetpack_shortlink":"https:\/\/wp.me\/paDzeQ-1yB","_links":{"self":[{"href":"https:\/\/www.verlag-doppelpunkt.at\/flachgauTV\/wp-json\/wp\/v2\/posts\/5989"}],"collection":[{"href":"https:\/\/www.verlag-doppelpunkt.at\/flachgauTV\/wp-json\/wp\/v2\/posts"}],"about":[{"href":"https:\/\/www.verlag-doppelpunkt.at\/flachgauTV\/wp-json\/wp\/v2\/types\/post"}],"author":[{"embeddable":true,"href":"https:\/\/www.verlag-doppelpunkt.at\/flachgauTV\/wp-json\/wp\/v2\/users\/5"}],"replies":[{"embeddable":true,"href":"https:\/\/www.verlag-doppelpunkt.at\/flachgauTV\/wp-json\/wp\/v2\/comments?post=5989"}],"version-history":[{"count":4,"href":"https:\/\/www.verlag-doppelpunkt.at\/flachgauTV\/wp-json\/wp\/v2\/posts\/5989\/revisions"}],"predecessor-version":[{"id":5995,"href":"https:\/\/www.verlag-doppelpunkt.at\/flachgauTV\/wp-json\/wp\/v2\/posts\/5989\/revisions\/5995"}],"wp:featuredmedia":[{"embeddable":true,"href":"https:\/\/www.verlag-doppelpunkt.at\/flachgauTV\/wp-json\/wp\/v2\/media\/5990"}],"wp:attachment":[{"href":"https:\/\/www.verlag-doppelpunkt.at\/flachgauTV\/wp-json\/wp\/v2\/media?parent=5989"}],"wp:term":[{"taxonomy":"category","embeddable":true,"href":"https:\/\/www.verlag-doppelpunkt.at\/flachgauTV\/wp-json\/wp\/v2\/categories?post=5989"},{"taxonomy":"post_tag","embeddable":true,"href":"https:\/\/www.verlag-doppelpunkt.at\/flachgauTV\/wp-json\/wp\/v2\/tags?post=5989"}],"curies":[{"name":"wp","href":"https:\/\/api.w.org\/{rel}","templated":true}]}}