{"id":6625,"date":"2025-02-17T10:33:44","date_gmt":"2025-02-17T09:33:44","guid":{"rendered":"https:\/\/www.verlag-doppelpunkt.at\/flachgauTV\/?p=6625"},"modified":"2025-02-17T10:39:30","modified_gmt":"2025-02-17T09:39:30","slug":"der-meisterboxer-begeisterte-in-seeham","status":"publish","type":"post","link":"https:\/\/www.verlag-doppelpunkt.at\/flachgauTV\/der-meisterboxer-begeisterte-in-seeham\/","title":{"rendered":"\u201eDer Meisterboxer\u201d begeisterte in Seeham"},"content":{"rendered":"\n<p>Neben den Auff\u00fchrungen auf der Seeb\u00fchne Seehm begeistert das Ensemble allj\u00e4hrlich auch mit einem Faschingstheater. Heuer stand die Kom\u00f6die \u201eder Meisterboxer\u201c auf dem Programm. Im Mittelpunkt stand dabei der Marmeladenfabrikant Friedrich Breitenbach. Der wird von seiner Frau Adelheid an der kurzen Leine gehalten und mit gesunder, kulinarisch karger Kost abgespeist. Um davor Rei\u00dfaus nehmen zu k\u00f6nnen, erschafft sich Breitenbach kurzerhand ein zweites Ich: Um mit seinem Freund Hecht auf Schweinebratentour zu gehen, erz\u00e4hlt er seiner Frau, er sei jetzt Boxer und nutzt dabei die Namensverwandtschaft zum Meisterboxer Breitenbach. Es kommt, wie es kommen muss: Der Schwindel droht aufzufliegen, als der echte Meisterboxer Breitenbach zu einem Kampf in die Stadt kommt. Die Frau des Marmeladenfabrikanten will ihrem Mann nat\u00fcrlich beim Boxen zusehen, und dessen Tochter Lotte macht eine Liebesbekanntschaft mit dem echten Meisterboxer. Als auch noch die feurige T\u00e4nzerin Coletta Corolani in den Kom\u00f6dienring steigt, ist die Verwirrung perfekt\u2026 -17. 2. 2025-<\/p>\n\n\n\n<p><a href=\"https:\/\/www.verlag-doppelpunkt.at\/bilderserien\/theater-seeham-der-miesterboxer\/\">Hier geht\u00b4s zur Bilderserie&gt;&gt;&gt;<\/a><\/p>\n","protected":false},"excerpt":{"rendered":"<p>Neben den Auff\u00fchrungen auf der Seeb\u00fchne Seehm begeistert das Ensemble allj\u00e4hrlich auch mit einem Faschingstheater. Heuer stand die Kom\u00f6die \u201eder Meisterboxer\u201c auf dem Programm. Im Mittelpunkt stand dabei der Marmeladenfabrikant [&hellip;]<\/p>\n","protected":false},"author":5,"featured_media":6626,"comment_status":"open","ping_status":"open","sticky":false,"template":"","format":"standard","meta":{"jetpack_post_was_ever_published":false,"_jetpack_newsletter_access":"","_jetpack_dont_email_post_to_subs":false,"_jetpack_newsletter_tier_id":0,"_jetpack_memberships_contains_paywalled_content":false,"_jetpack_memberships_contains_paid_content":false,"footnotes":"","jetpack_publicize_message":"","jetpack_publicize_feature_enabled":true,"jetpack_social_post_already_shared":true,"jetpack_social_options":{"image_generator_settings":{"template":"highway","enabled":false}},"_links_to":"","_links_to_target":""},"categories":[15],"tags":[],"jetpack_publicize_connections":[],"jetpack_featured_media_url":"https:\/\/www.verlag-doppelpunkt.at\/flachgauTV\/wp-content\/uploads\/2025\/02\/Titel-TV.jpg","jetpack_sharing_enabled":true,"jetpack_shortlink":"https:\/\/wp.me\/paDzeQ-1IR","_links":{"self":[{"href":"https:\/\/www.verlag-doppelpunkt.at\/flachgauTV\/wp-json\/wp\/v2\/posts\/6625"}],"collection":[{"href":"https:\/\/www.verlag-doppelpunkt.at\/flachgauTV\/wp-json\/wp\/v2\/posts"}],"about":[{"href":"https:\/\/www.verlag-doppelpunkt.at\/flachgauTV\/wp-json\/wp\/v2\/types\/post"}],"author":[{"embeddable":true,"href":"https:\/\/www.verlag-doppelpunkt.at\/flachgauTV\/wp-json\/wp\/v2\/users\/5"}],"replies":[{"embeddable":true,"href":"https:\/\/www.verlag-doppelpunkt.at\/flachgauTV\/wp-json\/wp\/v2\/comments?post=6625"}],"version-history":[{"count":3,"href":"https:\/\/www.verlag-doppelpunkt.at\/flachgauTV\/wp-json\/wp\/v2\/posts\/6625\/revisions"}],"predecessor-version":[{"id":6630,"href":"https:\/\/www.verlag-doppelpunkt.at\/flachgauTV\/wp-json\/wp\/v2\/posts\/6625\/revisions\/6630"}],"wp:featuredmedia":[{"embeddable":true,"href":"https:\/\/www.verlag-doppelpunkt.at\/flachgauTV\/wp-json\/wp\/v2\/media\/6626"}],"wp:attachment":[{"href":"https:\/\/www.verlag-doppelpunkt.at\/flachgauTV\/wp-json\/wp\/v2\/media?parent=6625"}],"wp:term":[{"taxonomy":"category","embeddable":true,"href":"https:\/\/www.verlag-doppelpunkt.at\/flachgauTV\/wp-json\/wp\/v2\/categories?post=6625"},{"taxonomy":"post_tag","embeddable":true,"href":"https:\/\/www.verlag-doppelpunkt.at\/flachgauTV\/wp-json\/wp\/v2\/tags?post=6625"}],"curies":[{"name":"wp","href":"https:\/\/api.w.org\/{rel}","templated":true}]}}