{"id":6631,"date":"2025-02-18T09:10:02","date_gmt":"2025-02-18T08:10:02","guid":{"rendered":"https:\/\/www.verlag-doppelpunkt.at\/flachgauTV\/?p=6631"},"modified":"2025-02-18T09:10:05","modified_gmt":"2025-02-18T08:10:05","slug":"rainermusik-begeisterte-bei-der-15-lions-matinee","status":"publish","type":"post","link":"https:\/\/www.verlag-doppelpunkt.at\/flachgauTV\/rainermusik-begeisterte-bei-der-15-lions-matinee\/","title":{"rendered":"Rainermusik begeisterte bei der 15. Lions-Matinee"},"content":{"rendered":"\n<p>Der Lionsclub Neumarkt-Stra\u00dfwalchen und die Rainermusik ist eine Partnerschaft, die seit nunmehr 17 Jahren besteht und durch 15 Konzerte auch bei der breiten Bev\u00f6lkerung bekannt ist.<\/p>\n\n\n\n<p>Es hat Tradition, dass die Rainermusik bei ihrem ersten Konzert im Jahr im Festsaal von Neumarkt auf der B\u00fchne steht. Organisiert wird diese Benefiz-Matinee vom Lionsclubs Neumarkt Stra\u00dfwalchen. Mit dem Reinerl\u00f6s aus dieser Veranstaltung unterst\u00fctzen die Lions unverschuldet in Not geratene Menschen und soziale Projekte in der Region.<\/p>\n\n\n\n<p>Beim heurigen Konzert zeigten die Rainermusiker einmal mehr ihre ganze musikalische Bandbreite und spannten den Bogen vom Wolgalied aus \u201eder Zarewitsch\u201c \u00fcber \u201eGedanken auf den Alpen\u201c und der \u201ePolka Mazur\u201c bis zur \u201eMarinarella Ouvert\u00fcre\u201c. Nat\u00fcrlich durfte auch der Rainermarsch nicht fehlen, dem die Kapelle ihren Namen verdankt.<\/p>\n\n\n\n<p>Die Rainermusik wurde 1999 anl\u00e4sslich der Aufl\u00f6sung des letzten Traditionsregiments der Rainer im \u00f6sterreichischen Bundesheer gegr\u00fcndet. Als im November 1998 der Kommandant des J\u00e4gerregiments Nr. 8, Oberst Josef Schalber, die Regimentsfahne des k. u. k. Infanterieregimentes \u201eErzherzog Rainer\u201c Nr. 59 an das Milit\u00e4rkommando zur\u00fcckgab, war die letzte Traditionseinheit des Salzburger Hausregiments im Bundesheer offiziell aufgel\u00f6st worden. Grund genug f\u00fcr einige Blasmusiker rund um Hofrat Dr. Herbert Glaser (\u20202016), die Rainermusik neu ins Leben zu rufen. Dass die Tradition der Rainer in Salzburg aber ungebrochen ist und immer einen hohen Stellenwert besitzt, zeigt neuerdings die Namensgebung f\u00fcr das im Rahmen der Milizverb\u00e4nde neu formierte Salzburger J\u00e4gerbataillon \u201eErzherzog Rainer\u201c.<\/p>\n\n\n\n<p>Das Repertoire&#8230;<\/p>\n\n\n\n<p>Im Mittelpunkt des Spielguts steht die Literatur des mitteleurop\u00e4ischen Raums aus der Zeit bis in die Zwanzigerjahre des vorigen Jahrhunderts. Selbstverst\u00e4ndlich geh\u00f6ren daher ansprechende, zeitgem\u00e4\u00dfe Arrangements von<\/p>\n\n\n\n<p>Kompositionen der Strau\u00df Dynastie, Julius Fuciks, Franz von Supp\u00e9s, Karl Komz\u00e0ks, Franz Leh\u00e0rs oder Carl M. Ziehrers (z. B. das milit\u00e4rische Tongem\u00e4lde vom \u201eTraum eines \u00d6sterreichischen Reservisten\u201c) zu unserem Repertoire. Die beliebten \u00f6sterreichischen Traditionsm\u00e4rsche sind f\u00fcr uns nat\u00fcrlich eine Selbstverst\u00e4ndlichkeit.<\/p>\n\n\n\n<p>In den mehr als 25 Jahren ihres Bestehens hat sich die Rainermusik einen guten Ruf als ein musikalischer Botschafter Salzburgs im In- und Ausland erarbeitet. Konzertreisen nach Spanien, Frankreich, Kroatien und Italien waren jeweils ein gro\u00dfer Erfolg. Ein unvergesslicher H\u00f6hepunkt war bis jetzt sicher der Auftritt im Kaiserzelt Altaussee, wo gemeinsam mit Solot\u00e4nzern der Wiener Staatsoper Ziehrers \u201eTraum eines \u00d6sterreichischen Reservisten\u201d aufgef\u00fchrt wurde.<\/p>\n\n\n\n<p>Die Verleihung des Salzburger Landeswappens betrachten wir als \u00f6ffentliche Anerkennung unserer Bem\u00fchungen um die musikalische Tradition des ehemaligen Salzburger Hausregiments. Sie ist uns aber auch Verpflichtung, auf dem eingeschlagenen Weg weiterzugehen.<\/p>\n\n\n\n<p>Unsere Tontr\u00e4ger\u2026<\/p>\n\n\n\n<p>Unser Orchester hat bereits sechs CD\u00b4s aufgenommen. Zwei CD\u2018s sind mit historischen M\u00e4rschen der alten Regimentskapelle. Sie wurden nach intensiver Forschungsarbeit eigens f\u00fcr das Orchester arrangiert. 2008 erschien unsere dritte CD mit dem \u201eK.u.k. Zapfenstreich\u201c in einem Arrangement von MilKpm Oberst Prof. Hannes Apfolterer. Anl\u00e4sslich des Galakonzerts 2012 haben wir unsere vierte CD mit dem Titel \u201eGold und Silber\u201d pr\u00e4sentiert. Im Mittelpunkt dieses Tontr\u00e4gers steht der eigens f\u00fcr diese Produktion von Kapellmeister Egger in der Originaltonart des Komponisten arrangierte, gleichnamige Walzer von Franz Leh\u00e1r. Unsere f\u00fcnfte CD tr\u00e4gt den Titel \u201eVergessene Sch\u00e4tze der Marschmusik &#8211; M\u00e4rsche aus dem ersten Weltkrieg\u201c und dieser Name ist auch Programm. Seit Herbst 2023 ist auch die sechste CD mit dem Titel \u201eAnnodazumal\u201c erh\u00e4ltlich.  -18. 2. 2025-<\/p>\n\n\n\n<figure class=\"wp-block-image size-large\"><img loading=\"lazy\" decoding=\"async\" width=\"1024\" height=\"798\" src=\"https:\/\/www.verlag-doppelpunkt.at\/flachgauTV\/wp-content\/uploads\/2025\/02\/Rainer-2025-32-1024x798.jpg\" alt=\"\" class=\"wp-image-6633\" srcset=\"https:\/\/www.verlag-doppelpunkt.at\/flachgauTV\/wp-content\/uploads\/2025\/02\/Rainer-2025-32-1024x798.jpg 1024w, https:\/\/www.verlag-doppelpunkt.at\/flachgauTV\/wp-content\/uploads\/2025\/02\/Rainer-2025-32-300x234.jpg 300w, https:\/\/www.verlag-doppelpunkt.at\/flachgauTV\/wp-content\/uploads\/2025\/02\/Rainer-2025-32-768x598.jpg 768w, https:\/\/www.verlag-doppelpunkt.at\/flachgauTV\/wp-content\/uploads\/2025\/02\/Rainer-2025-32-1536x1197.jpg 1536w, https:\/\/www.verlag-doppelpunkt.at\/flachgauTV\/wp-content\/uploads\/2025\/02\/Rainer-2025-32-730x569.jpg 730w, https:\/\/www.verlag-doppelpunkt.at\/flachgauTV\/wp-content\/uploads\/2025\/02\/Rainer-2025-32-435x339.jpg 435w, https:\/\/www.verlag-doppelpunkt.at\/flachgauTV\/wp-content\/uploads\/2025\/02\/Rainer-2025-32.jpg 1920w\" sizes=\"(max-width: 1024px) 100vw, 1024px\" \/><figcaption class=\"wp-element-caption\">Die Benefiz-Matinee des Lionsclubs Neumarkt-Stra\u00dfwalchen mit der Rainermusik hat seit 17 Jahren Tradition.   Bilder: Rule<\/figcaption><\/figure>\n","protected":false},"excerpt":{"rendered":"<p>Der Lionsclub Neumarkt-Stra\u00dfwalchen und die Rainermusik ist eine Partnerschaft, die seit nunmehr 17 Jahren besteht und durch 15 Konzerte auch bei der breiten Bev\u00f6lkerung bekannt ist. Es hat Tradition, dass [&hellip;]<\/p>\n","protected":false},"author":5,"featured_media":6632,"comment_status":"open","ping_status":"open","sticky":false,"template":"","format":"standard","meta":{"jetpack_post_was_ever_published":false,"_jetpack_newsletter_access":"","_jetpack_dont_email_post_to_subs":false,"_jetpack_newsletter_tier_id":0,"_jetpack_memberships_contains_paywalled_content":false,"_jetpack_memberships_contains_paid_content":false,"footnotes":"","jetpack_publicize_message":"","jetpack_publicize_feature_enabled":true,"jetpack_social_post_already_shared":true,"jetpack_social_options":{"image_generator_settings":{"template":"highway","enabled":false}},"_links_to":"","_links_to_target":""},"categories":[15],"tags":[],"jetpack_publicize_connections":[],"jetpack_featured_media_url":"https:\/\/www.verlag-doppelpunkt.at\/flachgauTV\/wp-content\/uploads\/2025\/02\/Rainer-2025-96.jpg","jetpack_sharing_enabled":true,"jetpack_shortlink":"https:\/\/wp.me\/paDzeQ-1IX","_links":{"self":[{"href":"https:\/\/www.verlag-doppelpunkt.at\/flachgauTV\/wp-json\/wp\/v2\/posts\/6631"}],"collection":[{"href":"https:\/\/www.verlag-doppelpunkt.at\/flachgauTV\/wp-json\/wp\/v2\/posts"}],"about":[{"href":"https:\/\/www.verlag-doppelpunkt.at\/flachgauTV\/wp-json\/wp\/v2\/types\/post"}],"author":[{"embeddable":true,"href":"https:\/\/www.verlag-doppelpunkt.at\/flachgauTV\/wp-json\/wp\/v2\/users\/5"}],"replies":[{"embeddable":true,"href":"https:\/\/www.verlag-doppelpunkt.at\/flachgauTV\/wp-json\/wp\/v2\/comments?post=6631"}],"version-history":[{"count":1,"href":"https:\/\/www.verlag-doppelpunkt.at\/flachgauTV\/wp-json\/wp\/v2\/posts\/6631\/revisions"}],"predecessor-version":[{"id":6634,"href":"https:\/\/www.verlag-doppelpunkt.at\/flachgauTV\/wp-json\/wp\/v2\/posts\/6631\/revisions\/6634"}],"wp:featuredmedia":[{"embeddable":true,"href":"https:\/\/www.verlag-doppelpunkt.at\/flachgauTV\/wp-json\/wp\/v2\/media\/6632"}],"wp:attachment":[{"href":"https:\/\/www.verlag-doppelpunkt.at\/flachgauTV\/wp-json\/wp\/v2\/media?parent=6631"}],"wp:term":[{"taxonomy":"category","embeddable":true,"href":"https:\/\/www.verlag-doppelpunkt.at\/flachgauTV\/wp-json\/wp\/v2\/categories?post=6631"},{"taxonomy":"post_tag","embeddable":true,"href":"https:\/\/www.verlag-doppelpunkt.at\/flachgauTV\/wp-json\/wp\/v2\/tags?post=6631"}],"curies":[{"name":"wp","href":"https:\/\/api.w.org\/{rel}","templated":true}]}}