{"id":7041,"date":"2025-09-25T10:56:50","date_gmt":"2025-09-25T08:56:50","guid":{"rendered":"https:\/\/www.verlag-doppelpunkt.at\/flachgauTV\/?p=7041"},"modified":"2025-09-29T13:26:52","modified_gmt":"2025-09-29T11:26:52","slug":"am-land-draussen","status":"publish","type":"post","link":"https:\/\/www.verlag-doppelpunkt.at\/flachgauTV\/am-land-draussen\/","title":{"rendered":"Am Land drau\u00dfen"},"content":{"rendered":"\n<p>Arno M\u00fcller \u201ebegleitet\u201c mich mein ganzes journalistisches Leben. Er war einer meiner ersten Interviewpartner. Das war 1981 als er Bezirksschulinspektor wurde. Arno M\u00fcller wird das nicht mehr wissen, aber ich erinnere mich noch gut daran, weil er mir zum Ende des Gespr\u00e4chs das Du-Wort angeboten hat. Das war eine gro\u00dfe Ehre f\u00fcr mich.<\/p>\n\n\n\n<p>Wieso mir das jetzt einf\u00e4llt? Weil mir vor einiger Zeit Arno M\u00fcller sein Buch zugeschickt hat. Es ist zwar schon vor f\u00fcnf Jahren erschienen, aber die Geschichten darin sind zeitlos und handeln von Menschen in Salzburg. Der radelnde Brieftr\u00e4ger in Faistenau kommt da ebenso vor, wie die Bauerndirn Cilli aus Hof, die es 1956 nach Island verschlagen hat. Wie es 1867 zum Wildererdrama am Ochsenberg bei Ebenau kam hat Arno M\u00fcller penibel recherchiert und wieso zur Nazi-Zeit eine ganze Wallfahrergruppe vom Postenkommandant in Hof verhaftet wurde, wird in dem Buch auch recht launig erz\u00e4hlt.<\/p>\n\n\n\n<p>\u201eDrau\u00dfen am Land\u201c ist der Titel des Buches, in dem die wahren Geschichten aus dem Salzburger Land zu finden sind. Und drau\u00dfen auf dem Land war Arno M\u00fcller in seinem nun inzwischen 90j\u00e4hrigen Leben viel unterwegs und weil er stets ein aufmerksamer Zuh\u00f6rer und penibler Chronist war, dr\u00e4ngte sich das Buch praktisch von selbst auf.<\/p>\n\n\n\n<p>Seit 1977 lebt Arno M\u00fcller mit seiner Familie in Hof. Er hat hier die Theatergruppe gegr\u00fcndet, hat bei der Erstellung der Chronik mitgeholfen und die \u201eSchicksalsjahre f\u00fcr Schloss Fuschl\u201c in der Nazizeit sind als zeitgen\u00f6ssischer Betrag im Bauernkalender erschienen. Vor zwei Jahren hat Arno M\u00fcller sein zweites Buch ver\u00f6ffentlicht. \u201eTurbulente Zeiten mit interessanten Leuten. Noch mehr Geschichten\u201c ist der Titel und schlie\u00dft damit genau dort an, wo \u201eAm Land drau\u00dfen\u201c endet.<\/p>\n\n\n\n<p><a href=\"https:\/\/www.grin.com\/document\/949846\">Buch hier erh\u00e4ltlich>>><\/a><\/p>\n\n\n\n<figure class=\"wp-block-image size-large\"><img loading=\"lazy\" decoding=\"async\" width=\"738\" height=\"1024\" src=\"https:\/\/www.verlag-doppelpunkt.at\/flachgauTV\/wp-content\/uploads\/2025\/09\/Buch-Arno-Mueller-738x1024.jpg\" alt=\"\" class=\"wp-image-7044\" srcset=\"https:\/\/www.verlag-doppelpunkt.at\/flachgauTV\/wp-content\/uploads\/2025\/09\/Buch-Arno-Mueller-738x1024.jpg 738w, https:\/\/www.verlag-doppelpunkt.at\/flachgauTV\/wp-content\/uploads\/2025\/09\/Buch-Arno-Mueller-216x300.jpg 216w, https:\/\/www.verlag-doppelpunkt.at\/flachgauTV\/wp-content\/uploads\/2025\/09\/Buch-Arno-Mueller-768x1066.jpg 768w, https:\/\/www.verlag-doppelpunkt.at\/flachgauTV\/wp-content\/uploads\/2025\/09\/Buch-Arno-Mueller-1107x1536.jpg 1107w, https:\/\/www.verlag-doppelpunkt.at\/flachgauTV\/wp-content\/uploads\/2025\/09\/Buch-Arno-Mueller-1476x2048.jpg 1476w, https:\/\/www.verlag-doppelpunkt.at\/flachgauTV\/wp-content\/uploads\/2025\/09\/Buch-Arno-Mueller-730x1013.jpg 730w, https:\/\/www.verlag-doppelpunkt.at\/flachgauTV\/wp-content\/uploads\/2025\/09\/Buch-Arno-Mueller-435x604.jpg 435w, https:\/\/www.verlag-doppelpunkt.at\/flachgauTV\/wp-content\/uploads\/2025\/09\/Buch-Arno-Mueller-scaled.jpg 1845w\" sizes=\"(max-width: 738px) 100vw, 738px\" \/><\/figure>\n","protected":false},"excerpt":{"rendered":"<p>Arno M\u00fcller \u201ebegleitet\u201c mich mein ganzes journalistisches Leben. Er war einer meiner ersten Interviewpartner. Das war 1981 als er Bezirksschulinspektor wurde. Arno M\u00fcller wird das nicht mehr wissen, aber ich [&hellip;]<\/p>\n","protected":false},"author":5,"featured_media":7043,"comment_status":"open","ping_status":"open","sticky":false,"template":"","format":"standard","meta":{"jetpack_post_was_ever_published":false,"_jetpack_newsletter_access":"","_jetpack_dont_email_post_to_subs":false,"_jetpack_newsletter_tier_id":0,"_jetpack_memberships_contains_paywalled_content":false,"_jetpack_memberships_contains_paid_content":false,"footnotes":"","jetpack_publicize_message":"","jetpack_publicize_feature_enabled":true,"jetpack_social_post_already_shared":true,"jetpack_social_options":{"image_generator_settings":{"template":"highway","enabled":false}},"_links_to":"","_links_to_target":""},"categories":[15],"tags":[],"jetpack_publicize_connections":[],"jetpack_featured_media_url":"https:\/\/www.verlag-doppelpunkt.at\/flachgauTV\/wp-content\/uploads\/2025\/09\/Buch-Arno-Mueller1.jpg","jetpack_sharing_enabled":true,"jetpack_shortlink":"https:\/\/wp.me\/paDzeQ-1Pz","_links":{"self":[{"href":"https:\/\/www.verlag-doppelpunkt.at\/flachgauTV\/wp-json\/wp\/v2\/posts\/7041"}],"collection":[{"href":"https:\/\/www.verlag-doppelpunkt.at\/flachgauTV\/wp-json\/wp\/v2\/posts"}],"about":[{"href":"https:\/\/www.verlag-doppelpunkt.at\/flachgauTV\/wp-json\/wp\/v2\/types\/post"}],"author":[{"embeddable":true,"href":"https:\/\/www.verlag-doppelpunkt.at\/flachgauTV\/wp-json\/wp\/v2\/users\/5"}],"replies":[{"embeddable":true,"href":"https:\/\/www.verlag-doppelpunkt.at\/flachgauTV\/wp-json\/wp\/v2\/comments?post=7041"}],"version-history":[{"count":2,"href":"https:\/\/www.verlag-doppelpunkt.at\/flachgauTV\/wp-json\/wp\/v2\/posts\/7041\/revisions"}],"predecessor-version":[{"id":7046,"href":"https:\/\/www.verlag-doppelpunkt.at\/flachgauTV\/wp-json\/wp\/v2\/posts\/7041\/revisions\/7046"}],"wp:featuredmedia":[{"embeddable":true,"href":"https:\/\/www.verlag-doppelpunkt.at\/flachgauTV\/wp-json\/wp\/v2\/media\/7043"}],"wp:attachment":[{"href":"https:\/\/www.verlag-doppelpunkt.at\/flachgauTV\/wp-json\/wp\/v2\/media?parent=7041"}],"wp:term":[{"taxonomy":"category","embeddable":true,"href":"https:\/\/www.verlag-doppelpunkt.at\/flachgauTV\/wp-json\/wp\/v2\/categories?post=7041"},{"taxonomy":"post_tag","embeddable":true,"href":"https:\/\/www.verlag-doppelpunkt.at\/flachgauTV\/wp-json\/wp\/v2\/tags?post=7041"}],"curies":[{"name":"wp","href":"https:\/\/api.w.org\/{rel}","templated":true}]}}