{"id":7532,"date":"2026-09-01T10:52:14","date_gmt":"2026-09-01T08:52:14","guid":{"rendered":"https:\/\/www.verlag-doppelpunkt.at\/flachgauTV\/?p=7532"},"modified":"2026-09-01T10:52:17","modified_gmt":"2026-09-01T08:52:17","slug":"musikkapelle-tiefgraben-feierte-100-jahre-jubilaeum","status":"publish","type":"post","link":"https:\/\/www.verlag-doppelpunkt.at\/flachgauTV\/musikkapelle-tiefgraben-feierte-100-jahre-jubilaeum\/","title":{"rendered":"Musikkapelle Tiefgraben feierte 100-Jahre-Jubil\u00e4um"},"content":{"rendered":"<div class=\"wp-block-image\">\n<figure class=\"alignleft size-full is-resized\"><a href=\"https:\/\/www.verlag-doppelpunkt.at\/bilderserien\/musikkapelle-tiefgraben-feierte-100-jahre-jubilaeum\/\"><img loading=\"lazy\" decoding=\"async\" width=\"645\" height=\"589\" src=\"https:\/\/www.verlag-doppelpunkt.at\/flachgauTV\/wp-content\/uploads\/2025\/03\/Mehr-Bilder.jpg\" alt=\"\" class=\"wp-image-6685\" style=\"width:129px;height:auto\" srcset=\"https:\/\/www.verlag-doppelpunkt.at\/flachgauTV\/wp-content\/uploads\/2025\/03\/Mehr-Bilder.jpg 645w, https:\/\/www.verlag-doppelpunkt.at\/flachgauTV\/wp-content\/uploads\/2025\/03\/Mehr-Bilder-300x274.jpg 300w, https:\/\/www.verlag-doppelpunkt.at\/flachgauTV\/wp-content\/uploads\/2025\/03\/Mehr-Bilder-435x397.jpg 435w\" sizes=\"(max-width: 645px) 100vw, 645px\" \/><\/a><\/figure><\/div>\n\n<p>Was h\u00e4tten wohl die Mitglieder der \u201ePunzer Musi\u201c gesagt, wenn sie Ende August beim 100-Jahre-Jubil\u00e4umsfest der Musikkapelle Tiefgraben dabei gewesen w\u00e4ren?<br \/>\nDie \u201ePunzer Musi\u201c wurde 1907 als Bl\u00e4sergruppe gegr\u00fcndet und kann als Grundstein gesehen werden, auf den 1926 die Musikkapelle Tiefgarben mit 24 Musiker gestellt wurde.<br \/>\nHeute geh\u00f6ren der Kapelle rund 50 aktive Musikerinnen und Musiker an und die Musikkapelle Tiefgraben ist aus dem kulturellen Leben im Mondseeland nicht mehr weg zu denken.<br \/>\nEnde August wurde das 100-j\u00e4hrige Bestehen mit einem dreit\u00e4gigen Fest gefeiert. H\u00f6hepunkte waren zwei Festakte mit rund 30 Gastkapellen und Abordnungen vieler Vereine. F\u00fcr den geselligen Teil gab es ein gro\u00dfes Festzelt an der Seepromenade.<\/p>","protected":false},"excerpt":{"rendered":"<p>Was h\u00e4tten wohl die Mitglieder der \u201ePunzer Musi\u201c gesagt, wenn sie Ende August beim 100-Jahre-Jubil\u00e4umsfest der Musikkapelle Tiefgraben dabei gewesen w\u00e4ren? Die \u201ePunzer Musi\u201c wurde 1907 als Bl\u00e4sergruppe gegr\u00fcndet und [&hellip;]<\/p>\n","protected":false},"author":5,"featured_media":7533,"comment_status":"open","ping_status":"open","sticky":false,"template":"","format":"standard","meta":{"jetpack_post_was_ever_published":false,"_jetpack_newsletter_access":"","_jetpack_dont_email_post_to_subs":false,"_jetpack_newsletter_tier_id":0,"_jetpack_memberships_contains_paywalled_content":false,"_jetpack_memberships_contains_paid_content":false,"footnotes":"","jetpack_publicize_message":"","jetpack_publicize_feature_enabled":true,"jetpack_social_post_already_shared":true,"jetpack_social_options":{"image_generator_settings":{"template":"highway","enabled":false}},"_links_to":"","_links_to_target":""},"categories":[15],"tags":[],"jetpack_publicize_connections":[],"jetpack_featured_media_url":"https:\/\/www.verlag-doppelpunkt.at\/flachgauTV\/wp-content\/uploads\/2026\/09\/Titelbild.jpg","jetpack_sharing_enabled":true,"jetpack_shortlink":"https:\/\/wp.me\/paDzeQ-1Xu","_links":{"self":[{"href":"https:\/\/www.verlag-doppelpunkt.at\/flachgauTV\/wp-json\/wp\/v2\/posts\/7532"}],"collection":[{"href":"https:\/\/www.verlag-doppelpunkt.at\/flachgauTV\/wp-json\/wp\/v2\/posts"}],"about":[{"href":"https:\/\/www.verlag-doppelpunkt.at\/flachgauTV\/wp-json\/wp\/v2\/types\/post"}],"author":[{"embeddable":true,"href":"https:\/\/www.verlag-doppelpunkt.at\/flachgauTV\/wp-json\/wp\/v2\/users\/5"}],"replies":[{"embeddable":true,"href":"https:\/\/www.verlag-doppelpunkt.at\/flachgauTV\/wp-json\/wp\/v2\/comments?post=7532"}],"version-history":[{"count":1,"href":"https:\/\/www.verlag-doppelpunkt.at\/flachgauTV\/wp-json\/wp\/v2\/posts\/7532\/revisions"}],"predecessor-version":[{"id":7534,"href":"https:\/\/www.verlag-doppelpunkt.at\/flachgauTV\/wp-json\/wp\/v2\/posts\/7532\/revisions\/7534"}],"wp:featuredmedia":[{"embeddable":true,"href":"https:\/\/www.verlag-doppelpunkt.at\/flachgauTV\/wp-json\/wp\/v2\/media\/7533"}],"wp:attachment":[{"href":"https:\/\/www.verlag-doppelpunkt.at\/flachgauTV\/wp-json\/wp\/v2\/media?parent=7532"}],"wp:term":[{"taxonomy":"category","embeddable":true,"href":"https:\/\/www.verlag-doppelpunkt.at\/flachgauTV\/wp-json\/wp\/v2\/categories?post=7532"},{"taxonomy":"post_tag","embeddable":true,"href":"https:\/\/www.verlag-doppelpunkt.at\/flachgauTV\/wp-json\/wp\/v2\/tags?post=7532"}],"curies":[{"name":"wp","href":"https:\/\/api.w.org\/{rel}","templated":true}]}}