{"id":874,"date":"2018-09-27T13:19:31","date_gmt":"2018-09-27T11:19:31","guid":{"rendered":"https:\/\/www.verlag-doppelpunkt.at\/flachgauTV\/?p=874"},"modified":"2018-10-31T13:01:13","modified_gmt":"2018-10-31T12:01:13","slug":"doppelpunkt27-9-2018","status":"publish","type":"post","link":"https:\/\/www.verlag-doppelpunkt.at\/flachgauTV\/doppelpunkt27-9-2018\/","title":{"rendered":"Glas und Kultur in Schneegattern"},"content":{"rendered":"<p><video id=\"my-video\" class=\"video-js vjs-big-play-centered\" controls preload=\"auto\" width=\"100%\" padding-top=\"56.25%\" poster='..\/wp-content\/uploads\/2018\/09\/27.9.2018.jpg' data-setup=\"{}\"><source src='..\/wp-content\/uploads\/2018\/09\/Doppelpunkt27.9.2018.mp4' type='video\/mp4'><source src='..\/wp-content\/uploads\/2018\/09\/Doppelpunkt27.9.2018.webm' type='video\/webm'><\/video> <script src=\"https:\/\/vjs.zencdn.net\/6.9.0\/video.js\"><\/script><br \/>\nFRIEDBURG-LENGAU: Verein \u201eGlas und Kultur in Schneegattern\u201d gegr\u00fcndet + + + NEUMARKT: Sch\u00fcler-Ausstellung \u00fcber die Entwicklung des Ortes + + + NEUMARKT: Volksschule in den Ferien generalsaniert + + + ELIXHAUSEN: JVP gegr\u00fcndet<\/p>\n","protected":false},"excerpt":{"rendered":"<p>FRIEDBURG-LENGAU: Verein \u201eGlas und Kultur in Schneegattern\u201d gegr\u00fcndet + + + NEUMARKT: Sch\u00fcler-Ausstellung \u00fcber die Entwicklung des Ortes + + + NEUMARKT: Volksschule in den Ferien generalsaniert + + + [&hellip;]<\/p>\n","protected":false},"author":3,"featured_media":903,"comment_status":"open","ping_status":"open","sticky":false,"template":"","format":"video","meta":{"jetpack_post_was_ever_published":false,"_jetpack_newsletter_access":"","_jetpack_dont_email_post_to_subs":false,"_jetpack_newsletter_tier_id":0,"_jetpack_memberships_contains_paywalled_content":false,"_jetpack_memberships_contains_paid_content":false,"footnotes":"","jetpack_publicize_message":"","jetpack_publicize_feature_enabled":true,"jetpack_social_post_already_shared":false,"jetpack_social_options":{"image_generator_settings":{"template":"highway","enabled":false}},"_links_to":"","_links_to_target":""},"categories":[5,15,1],"tags":[],"jetpack_publicize_connections":[],"jetpack_featured_media_url":"https:\/\/www.verlag-doppelpunkt.at\/flachgauTV\/wp-content\/uploads\/2018\/09\/Schneegattern.jpg","jetpack_sharing_enabled":true,"jetpack_shortlink":"https:\/\/wp.me\/paDzeQ-e6","_links":{"self":[{"href":"https:\/\/www.verlag-doppelpunkt.at\/flachgauTV\/wp-json\/wp\/v2\/posts\/874"}],"collection":[{"href":"https:\/\/www.verlag-doppelpunkt.at\/flachgauTV\/wp-json\/wp\/v2\/posts"}],"about":[{"href":"https:\/\/www.verlag-doppelpunkt.at\/flachgauTV\/wp-json\/wp\/v2\/types\/post"}],"author":[{"embeddable":true,"href":"https:\/\/www.verlag-doppelpunkt.at\/flachgauTV\/wp-json\/wp\/v2\/users\/3"}],"replies":[{"embeddable":true,"href":"https:\/\/www.verlag-doppelpunkt.at\/flachgauTV\/wp-json\/wp\/v2\/comments?post=874"}],"version-history":[{"count":5,"href":"https:\/\/www.verlag-doppelpunkt.at\/flachgauTV\/wp-json\/wp\/v2\/posts\/874\/revisions"}],"predecessor-version":[{"id":995,"href":"https:\/\/www.verlag-doppelpunkt.at\/flachgauTV\/wp-json\/wp\/v2\/posts\/874\/revisions\/995"}],"wp:featuredmedia":[{"embeddable":true,"href":"https:\/\/www.verlag-doppelpunkt.at\/flachgauTV\/wp-json\/wp\/v2\/media\/903"}],"wp:attachment":[{"href":"https:\/\/www.verlag-doppelpunkt.at\/flachgauTV\/wp-json\/wp\/v2\/media?parent=874"}],"wp:term":[{"taxonomy":"category","embeddable":true,"href":"https:\/\/www.verlag-doppelpunkt.at\/flachgauTV\/wp-json\/wp\/v2\/categories?post=874"},{"taxonomy":"post_tag","embeddable":true,"href":"https:\/\/www.verlag-doppelpunkt.at\/flachgauTV\/wp-json\/wp\/v2\/tags?post=874"}],"curies":[{"name":"wp","href":"https:\/\/api.w.org\/{rel}","templated":true}]}}